{"id":43344,"date":"2022-06-22T12:45:13","date_gmt":"2022-06-22T15:45:13","guid":{"rendered":"https:\/\/www.portalalerta.com.br\/?p=43344"},"modified":"2022-06-22T12:45:15","modified_gmt":"2022-06-22T15:45:15","slug":"homem-e-preso-por-porte-ilegal-de-arma-de-fogo-em-itapicuru-ba","status":"publish","type":"post","link":"https:\/\/www.portalalerta.com.br\/index.php\/2022\/06\/22\/homem-e-preso-por-porte-ilegal-de-arma-de-fogo-em-itapicuru-ba\/","title":{"rendered":"Homem \u00e9 preso por porte ilegal de arma de fogo, em Itapicuru-BA"},"content":{"rendered":"\n<p>Na \u00faltima segunda-feira (20), policiais militares do 4\u00ba Pelot\u00e3o\/ Distrito de Lagoa Redonda, em Itapicuru-BA, prenderam um homem por porte ilegal de arma de fogo.<\/p>\n\n\n\n<!--more-->\n\n\n\n<p>O flagrante aconteceu no povoado Candeal, quando os militares realizavam rondas rurais, momento em que flagraram um casal a bordo de uma moto, sendo que o rapaz portava uma espingarda antecarga. Ao perceber a aproxima\u00e7\u00e3o da viatura, o homem tentou se desfazer da arma de fogo, por\u00e9m sem sucesso, j\u00e1 que o flagrante havia ocorrido. No momento da apreens\u00e3o, a arma de fogo de fabrica\u00e7\u00e3o artesanal estava municiada.<\/p>\n\n\n\n<p>Desta forma, o rapaz foi apresentado em flagrante, juntamente com arma de fogo, na Delegacia de Pol\u00edcia Civil da cidade.<\/p>\n\n\n\n<p>Reda\u00e7\u00e3o: Portal Alerta<\/p>\n","protected":false},"excerpt":{"rendered":"<p>Na \u00faltima segunda-feira (20), policiais militares do 4\u00ba Pelot\u00e3o\/ Distrito de Lagoa Redonda, em Itapicuru-BA, prenderam um homem por porte ilegal de arma de fogo.<\/p>\n","protected":false},"author":2,"featured_media":43345,"comment_status":"open","ping_status":"open","sticky":false,"template":"","format":"standard","meta":{"om_disable_all_campaigns":false,"_monsterinsights_skip_tracking":false,"_monsterinsights_sitenote_active":false,"_monsterinsights_sitenote_note":"","_monsterinsights_sitenote_category":0,"footnotes":""},"categories":[18,69,32,22],"tags":[181,132,79,83,110,190],"class_list":["post-43344","post","type-post","status-publish","format-standard","has-post-thumbnail","hentry","category-itapicuru","category-noticias2","category-regiao","category-seguranca","tag-6a-cipm","tag-itapicuru","tag-policia-militar","tag-porte-ilegal-de-arma-de-fogo","tag-presos","tag-tucano"],"aioseo_notices":[],"_links":{"self":[{"href":"https:\/\/www.portalalerta.com.br\/index.php\/wp-json\/wp\/v2\/posts\/43344","targetHints":{"allow":["GET"]}}],"collection":[{"href":"https:\/\/www.portalalerta.com.br\/index.php\/wp-json\/wp\/v2\/posts"}],"about":[{"href":"https:\/\/www.portalalerta.com.br\/index.php\/wp-json\/wp\/v2\/types\/post"}],"author":[{"embeddable":true,"href":"https:\/\/www.portalalerta.com.br\/index.php\/wp-json\/wp\/v2\/users\/2"}],"replies":[{"embeddable":true,"href":"https:\/\/www.portalalerta.com.br\/index.php\/wp-json\/wp\/v2\/comments?post=43344"}],"version-history":[{"count":1,"href":"https:\/\/www.portalalerta.com.br\/index.php\/wp-json\/wp\/v2\/posts\/43344\/revisions"}],"predecessor-version":[{"id":43346,"href":"https:\/\/www.portalalerta.com.br\/index.php\/wp-json\/wp\/v2\/posts\/43344\/revisions\/43346"}],"wp:featuredmedia":[{"embeddable":true,"href":"https:\/\/www.portalalerta.com.br\/index.php\/wp-json\/wp\/v2\/media\/43345"}],"wp:attachment":[{"href":"https:\/\/www.portalalerta.com.br\/index.php\/wp-json\/wp\/v2\/media?parent=43344"}],"wp:term":[{"taxonomy":"category","embeddable":true,"href":"https:\/\/www.portalalerta.com.br\/index.php\/wp-json\/wp\/v2\/categories?post=43344"},{"taxonomy":"post_tag","embeddable":true,"href":"https:\/\/www.portalalerta.com.br\/index.php\/wp-json\/wp\/v2\/tags?post=43344"}],"curies":[{"name":"wp","href":"https:\/\/api.w.org\/{rel}","templated":true}]}}