{"id":43399,"date":"2022-06-27T06:31:00","date_gmt":"2022-06-27T09:31:00","guid":{"rendered":"https:\/\/www.portalalerta.com.br\/?p=43399"},"modified":"2022-06-26T22:29:00","modified_gmt":"2022-06-27T01:29:00","slug":"comissao-da-camara-de-vereadores-pede-mais-informacoes-sobre-suplementacao-a-prefeitura-de-ribeira-do-amparo-ba","status":"publish","type":"post","link":"https:\/\/www.portalalerta.com.br\/index.php\/2022\/06\/27\/comissao-da-camara-de-vereadores-pede-mais-informacoes-sobre-suplementacao-a-prefeitura-de-ribeira-do-amparo-ba\/","title":{"rendered":"Comiss\u00e3o da C\u00e2mara de Vereadores pede mais informa\u00e7\u00f5es sobre suplementa\u00e7\u00e3o, \u00e0 prefeitura de Ribeira do Amparo-BA"},"content":{"rendered":"\n<p>A C\u00e2mara de Ribeira do Amparo-BA criou uma Comiss\u00e3o Especial, formada por tr\u00eas vereadores: Daniela, Alb\u00e9rico e Eulina, para analisar o pedido de suplementa\u00e7\u00e3o or\u00e7ament\u00e1ria de 35%, &nbsp;pedida pelo prefeito.<\/p>\n\n\n\n<!--more-->\n\n\n\n<div class=\"wp-block-image\"><figure class=\"aligncenter size-full\"><img fetchpriority=\"high\" decoding=\"async\" width=\"720\" height=\"181\" src=\"https:\/\/www.portalalerta.com.br\/wp-content\/uploads\/2018\/02\/Auto-Escola-Nobre.jpg\" alt=\"\" class=\"wp-image-4869\" srcset=\"https:\/\/www.portalalerta.com.br\/wp-content\/uploads\/2018\/02\/Auto-Escola-Nobre.jpg 720w, https:\/\/www.portalalerta.com.br\/wp-content\/uploads\/2018\/02\/Auto-Escola-Nobre-260x65.jpg 260w, https:\/\/www.portalalerta.com.br\/wp-content\/uploads\/2018\/02\/Auto-Escola-Nobre-50x13.jpg 50w, https:\/\/www.portalalerta.com.br\/wp-content\/uploads\/2018\/02\/Auto-Escola-Nobre-150x38.jpg 150w\" sizes=\"(max-width: 720px) 100vw, 720px\" \/><\/figure><\/div>\n\n\n\n<p>No dia 22 de junho 2022, esta Comiss\u00e3o encaminhou of\u00edcio ao gestor solicitando as seguintes informa\u00e7\u00f5es: <strong>1-Apresenta\u00e7\u00e3o do relat\u00f3rio das despesas or\u00e7ament\u00e1rias do m\u00eas de janeiro at\u00e9 maio 2022. 2- Apresenta\u00e7\u00f5es de todas as dota\u00e7\u00f5es, empenhos e liquida\u00e7\u00f5es do m\u00eas de maio 2022. 3- Detalhamento das fontes onde ser\u00e3o anuladas as dota\u00e7\u00f5es a serem suplementadas.<\/strong><\/p>\n\n\n\n<p><em>Fonte: Joilson Costa<\/em><\/p>\n","protected":false},"excerpt":{"rendered":"<p>A C\u00e2mara de Ribeira do Amparo-BA criou uma Comiss\u00e3o Especial, formada por tr\u00eas vereadores: Daniela, Alb\u00e9rico e Eulina, para analisar o pedido de suplementa\u00e7\u00e3o or\u00e7ament\u00e1ria de 35%, &nbsp;pedida pelo prefeito.<\/p>\n","protected":false},"author":2,"featured_media":38224,"comment_status":"open","ping_status":"open","sticky":false,"template":"","format":"standard","meta":{"om_disable_all_campaigns":false,"_monsterinsights_skip_tracking":false,"_monsterinsights_sitenote_active":false,"_monsterinsights_sitenote_note":"","_monsterinsights_sitenote_category":0,"footnotes":""},"categories":[70,69,21,32,16],"tags":[211,145,88,5457],"class_list":["post-43399","post","type-post","status-publish","format-standard","has-post-thumbnail","hentry","category-destaques","category-noticias2","category-politica","category-regiao","category-ribeira-do-amparo","tag-camara-de-vereadores","tag-prefeitura","tag-ribeira-do-amparo","tag-suplementacao"],"aioseo_notices":[],"_links":{"self":[{"href":"https:\/\/www.portalalerta.com.br\/index.php\/wp-json\/wp\/v2\/posts\/43399","targetHints":{"allow":["GET"]}}],"collection":[{"href":"https:\/\/www.portalalerta.com.br\/index.php\/wp-json\/wp\/v2\/posts"}],"about":[{"href":"https:\/\/www.portalalerta.com.br\/index.php\/wp-json\/wp\/v2\/types\/post"}],"author":[{"embeddable":true,"href":"https:\/\/www.portalalerta.com.br\/index.php\/wp-json\/wp\/v2\/users\/2"}],"replies":[{"embeddable":true,"href":"https:\/\/www.portalalerta.com.br\/index.php\/wp-json\/wp\/v2\/comments?post=43399"}],"version-history":[{"count":1,"href":"https:\/\/www.portalalerta.com.br\/index.php\/wp-json\/wp\/v2\/posts\/43399\/revisions"}],"predecessor-version":[{"id":43400,"href":"https:\/\/www.portalalerta.com.br\/index.php\/wp-json\/wp\/v2\/posts\/43399\/revisions\/43400"}],"wp:featuredmedia":[{"embeddable":true,"href":"https:\/\/www.portalalerta.com.br\/index.php\/wp-json\/wp\/v2\/media\/38224"}],"wp:attachment":[{"href":"https:\/\/www.portalalerta.com.br\/index.php\/wp-json\/wp\/v2\/media?parent=43399"}],"wp:term":[{"taxonomy":"category","embeddable":true,"href":"https:\/\/www.portalalerta.com.br\/index.php\/wp-json\/wp\/v2\/categories?post=43399"},{"taxonomy":"post_tag","embeddable":true,"href":"https:\/\/www.portalalerta.com.br\/index.php\/wp-json\/wp\/v2\/tags?post=43399"}],"curies":[{"name":"wp","href":"https:\/\/api.w.org\/{rel}","templated":true}]}}