{"id":43401,"date":"2022-06-27T06:32:00","date_gmt":"2022-06-27T09:32:00","guid":{"rendered":"https:\/\/www.portalalerta.com.br\/?p=43401"},"modified":"2022-06-26T22:34:37","modified_gmt":"2022-06-27T01:34:37","slug":"novo-presidente-da-petrobras-teve-nome-aprovado-com-ressalvas","status":"publish","type":"post","link":"https:\/\/www.portalalerta.com.br\/index.php\/2022\/06\/27\/novo-presidente-da-petrobras-teve-nome-aprovado-com-ressalvas\/","title":{"rendered":"Novo presidente da Petrobras teve nome aprovado com ressalvas"},"content":{"rendered":"\n<p>O presidente do comit\u00ea, Francisco Petros, afirmou que a experi\u00eancia de Andrade est\u00e1 \u201cmuito aqu\u00e9m \u00e0s necessidades de governan\u00e7a e gest\u00e3o da Petrobras\u201d<\/p>\n\n\n\n<!--more-->\n\n\n\n<p>O novo presidente da Petrobras, Caio Paes de Andrade, foi aprovado por tr\u00eas votos a um pelo Comit\u00ea de Pessoas da Petrobras (Celeg), mas com ressalvas pelos tr\u00eas conselheiros que votaram favoravelmente a ele. Segundo a ata da reuni\u00e3o, \u00e0 qual tive acesso, o curr\u00edculo de Andrade foi considerado insatisfat\u00f3rio, mas isso n\u00e3o foi visto como impeditivo ao seu nome.&nbsp;<\/p>\n\n\n\n<div class=\"wp-block-image\"><figure class=\"aligncenter size-full\"><img decoding=\"async\" src=\"https:\/\/www.portalalerta.com.br\/wp-content\/uploads\/2022\/06\/Real-Calcados-Sao-Joao-2022.jpg\" alt=\"\" class=\"wp-image-43012\"\/><\/figure><\/div>\n\n\n\n<p>J\u00e1 o voto contr\u00e1rio, do presidente do comit\u00ea, Francisco Petros, afirmou que sua experi\u00eancia est\u00e1 \u201cmuito aqu\u00e9m \u00e0s necessidades de governan\u00e7a e gest\u00e3o da Petrobras\u201d.<\/p>\n\n\n\n<p>A ata releva que Andrade recusou uma entrevista presencial com o Celeg, para tirar d\u00favidas sobre sua qualifica\u00e7\u00e3o. Segundo relatos de conselheiros da empresa, Caio disse que n\u00e3o tinha tempo dispon\u00edvel e que n\u00e3o era obrigado a aceitar, j\u00e1 que estava na condi\u00e7\u00e3o de convidado.&nbsp;<\/p>\n\n\n\n<p><em>Fonte: Metro1<\/em><\/p>\n","protected":false},"excerpt":{"rendered":"<p>O presidente do comit\u00ea, Francisco Petros, afirmou que a experi\u00eancia de Andrade est\u00e1 \u201cmuito aqu\u00e9m \u00e0s necessidades de governan\u00e7a e gest\u00e3o da Petrobras\u201d<\/p>\n","protected":false},"author":2,"featured_media":43402,"comment_status":"open","ping_status":"open","sticky":false,"template":"","format":"standard","meta":{"om_disable_all_campaigns":false,"_monsterinsights_skip_tracking":false,"_monsterinsights_sitenote_active":false,"_monsterinsights_sitenote_note":"","_monsterinsights_sitenote_category":0,"footnotes":""},"categories":[34,70,69,21],"tags":[93,5480,329,94],"class_list":["post-43401","post","type-post","status-publish","format-standard","has-post-thumbnail","hentry","category-brasil","category-destaques","category-noticias2","category-politica","tag-brasil","tag-caio-paes-de-andrade","tag-petrobras","tag-presidente"],"aioseo_notices":[],"_links":{"self":[{"href":"https:\/\/www.portalalerta.com.br\/index.php\/wp-json\/wp\/v2\/posts\/43401","targetHints":{"allow":["GET"]}}],"collection":[{"href":"https:\/\/www.portalalerta.com.br\/index.php\/wp-json\/wp\/v2\/posts"}],"about":[{"href":"https:\/\/www.portalalerta.com.br\/index.php\/wp-json\/wp\/v2\/types\/post"}],"author":[{"embeddable":true,"href":"https:\/\/www.portalalerta.com.br\/index.php\/wp-json\/wp\/v2\/users\/2"}],"replies":[{"embeddable":true,"href":"https:\/\/www.portalalerta.com.br\/index.php\/wp-json\/wp\/v2\/comments?post=43401"}],"version-history":[{"count":1,"href":"https:\/\/www.portalalerta.com.br\/index.php\/wp-json\/wp\/v2\/posts\/43401\/revisions"}],"predecessor-version":[{"id":43403,"href":"https:\/\/www.portalalerta.com.br\/index.php\/wp-json\/wp\/v2\/posts\/43401\/revisions\/43403"}],"wp:featuredmedia":[{"embeddable":true,"href":"https:\/\/www.portalalerta.com.br\/index.php\/wp-json\/wp\/v2\/media\/43402"}],"wp:attachment":[{"href":"https:\/\/www.portalalerta.com.br\/index.php\/wp-json\/wp\/v2\/media?parent=43401"}],"wp:term":[{"taxonomy":"category","embeddable":true,"href":"https:\/\/www.portalalerta.com.br\/index.php\/wp-json\/wp\/v2\/categories?post=43401"},{"taxonomy":"post_tag","embeddable":true,"href":"https:\/\/www.portalalerta.com.br\/index.php\/wp-json\/wp\/v2\/tags?post=43401"}],"curies":[{"name":"wp","href":"https:\/\/api.w.org\/{rel}","templated":true}]}}