{"id":43404,"date":"2022-06-27T06:33:00","date_gmt":"2022-06-27T09:33:00","guid":{"rendered":"https:\/\/www.portalalerta.com.br\/?p=43404"},"modified":"2022-06-26T22:57:38","modified_gmt":"2022-06-27T01:57:38","slug":"acusado-de-cometer-homicidio-em-coronel-joao-sa-ba-e-capturado-em-jeremoabo-ba","status":"publish","type":"post","link":"https:\/\/www.portalalerta.com.br\/index.php\/2022\/06\/27\/acusado-de-cometer-homicidio-em-coronel-joao-sa-ba-e-capturado-em-jeremoabo-ba\/","title":{"rendered":"Acusado de cometer homic\u00eddio em Coronel Jo\u00e3o S\u00e1-BA, \u00e9 capturado em Jeremoabo-BA"},"content":{"rendered":"\n<p>Um homem foi preso por volta das 16hs do \u00faltimo s\u00e1bado (25), durante fiscaliza\u00e7\u00e3o realizada pela Pol\u00edcia Rodovi\u00e1ria Federal, na BR 110, no munic\u00edpio de Jeremoabo-BA.<\/p>\n\n\n\n<!--more-->\n\n\n\n<p>Na a\u00e7\u00e3o, os policiais abordaram um ve\u00edculo GM\/ Astra, com licen\u00e7a de Macei\u00f3-AL. Durante pesquisa junto ao banco de dados e Sistemas Policiais, foi constatado um mandado de pris\u00e3o em desfavor do condutor do ve\u00edculo, que \u00e9 acusado de ter cometido um homic\u00eddio em Coronel Jo\u00e3o S\u00e1-BA.<\/p>\n\n\n\n<p>Al\u00e9m desse caso, Policiais Rodovi\u00e1rios Federais cumpriram mais tr\u00eas mandados de pris\u00e3o no Estado somente no \u00faltimo s\u00e1bado, sendo: <strong>01 em Barreiras (pens\u00e3o aliment\u00edcia), 01 em Sim\u00f5es Filho (roubo), e o outro em Feira de Santana (exerc\u00edcio irregular da profiss\u00e3o e falsidade ideol\u00f3gica).<\/strong><\/p>\n\n\n\n<p>Diante das evid\u00eancias, foi dada voz de pris\u00e3o a todos os envolvidos. Eles foram conduzidos para a Delegacia de Pol\u00edcia Civil de cada local para os procedimentos cab\u00edveis.&nbsp;<\/p>\n\n\n\n<p><em>Reda\u00e7\u00e3o: Portal Alerta<\/em><\/p>\n\n\n\n<p><em>Com informa\u00e7\u00f5es: gov.br<\/em><\/p>\n","protected":false},"excerpt":{"rendered":"<p>Um homem foi preso por volta das 16hs do \u00faltimo s\u00e1bado (25), durante fiscaliza\u00e7\u00e3o realizada pela Pol\u00edcia Rodovi\u00e1ria Federal, na BR 110, no munic\u00edpio de Jeremoabo-BA.<\/p>\n","protected":false},"author":2,"featured_media":43405,"comment_status":"open","ping_status":"open","sticky":false,"template":"","format":"standard","meta":{"om_disable_all_campaigns":false,"_monsterinsights_skip_tracking":false,"_monsterinsights_sitenote_active":false,"_monsterinsights_sitenote_note":"","_monsterinsights_sitenote_category":0,"footnotes":""},"categories":[33,70,9,69,32,22],"tags":[588,312,377,230,2534,149,399],"class_list":["post-43404","post","type-post","status-publish","format-standard","has-post-thumbnail","hentry","category-bahia","category-destaques","category-jeremoabo","category-noticias2","category-regiao","category-seguranca","tag-barreiras","tag-coronel-joao-sa","tag-feira-de-santana","tag-jeremoabo","tag-mandados-de-prisao","tag-prf","tag-simoes-filho"],"aioseo_notices":[],"_links":{"self":[{"href":"https:\/\/www.portalalerta.com.br\/index.php\/wp-json\/wp\/v2\/posts\/43404","targetHints":{"allow":["GET"]}}],"collection":[{"href":"https:\/\/www.portalalerta.com.br\/index.php\/wp-json\/wp\/v2\/posts"}],"about":[{"href":"https:\/\/www.portalalerta.com.br\/index.php\/wp-json\/wp\/v2\/types\/post"}],"author":[{"embeddable":true,"href":"https:\/\/www.portalalerta.com.br\/index.php\/wp-json\/wp\/v2\/users\/2"}],"replies":[{"embeddable":true,"href":"https:\/\/www.portalalerta.com.br\/index.php\/wp-json\/wp\/v2\/comments?post=43404"}],"version-history":[{"count":1,"href":"https:\/\/www.portalalerta.com.br\/index.php\/wp-json\/wp\/v2\/posts\/43404\/revisions"}],"predecessor-version":[{"id":43406,"href":"https:\/\/www.portalalerta.com.br\/index.php\/wp-json\/wp\/v2\/posts\/43404\/revisions\/43406"}],"wp:featuredmedia":[{"embeddable":true,"href":"https:\/\/www.portalalerta.com.br\/index.php\/wp-json\/wp\/v2\/media\/43405"}],"wp:attachment":[{"href":"https:\/\/www.portalalerta.com.br\/index.php\/wp-json\/wp\/v2\/media?parent=43404"}],"wp:term":[{"taxonomy":"category","embeddable":true,"href":"https:\/\/www.portalalerta.com.br\/index.php\/wp-json\/wp\/v2\/categories?post=43404"},{"taxonomy":"post_tag","embeddable":true,"href":"https:\/\/www.portalalerta.com.br\/index.php\/wp-json\/wp\/v2\/tags?post=43404"}],"curies":[{"name":"wp","href":"https:\/\/api.w.org\/{rel}","templated":true}]}}