{"id":43412,"date":"2022-06-27T11:02:00","date_gmt":"2022-06-27T14:02:00","guid":{"rendered":"https:\/\/www.portalalerta.com.br\/?p=43412"},"modified":"2022-06-27T11:41:36","modified_gmt":"2022-06-27T14:41:36","slug":"idoso-e-preso-com-500g-de-maconha-em-euclides-da-cunha-ba","status":"publish","type":"post","link":"https:\/\/www.portalalerta.com.br\/index.php\/2022\/06\/27\/idoso-e-preso-com-500g-de-maconha-em-euclides-da-cunha-ba\/","title":{"rendered":"Idoso \u00e9 preso com 500g de maconha, em Euclides da Cunha-BA"},"content":{"rendered":"\n<p>No final da tarde do \u00faltimo s\u00e1bado (25), a Pol\u00edcia Rodovi\u00e1ria Federal (PRF) em a\u00e7\u00e3o conjunta com a Guarda Municipal de Euclides da Cunha-BA, durante fiscaliza\u00e7\u00e3o de combate \u00e0 criminalidade, prendeu um homem de 69 anos transportando 500g de maconha no interior de um Fiat Strada Working, no referido munic\u00edpio.<\/p>\n\n\n\n<!--more-->\n\n\n\n<p>A equipe PRF&nbsp;deu ordem de parada ao condutor do ve\u00edculo, com placas de Duque de Caxias\/RJ,&nbsp;que desobedeceu ao comando e empreendeu fuga. Foi iniciado o acompanhamento t\u00e1tico&nbsp;e, logo em seguida, o autom\u00f3vel foi interceptado.<\/p>\n\n\n\n<p>Durante a abordagem,&nbsp;o motorista demonstrou nervosismo e apresentou informa\u00e7\u00f5es desencontradas, o que chamou aten\u00e7\u00e3o da equipe.<\/p>\n\n\n\n<div class=\"wp-block-image\"><figure class=\"aligncenter size-full\"><img decoding=\"async\" src=\"https:\/\/www.portalalerta.com.br\/wp-content\/uploads\/2022\/06\/Real-Calcados-Sao-Joao-2022.jpg\" alt=\"\" class=\"wp-image-43012\"\/><\/figure><\/div>\n\n\n\n<p>Ao revistarem o ve\u00edculo,&nbsp;os policiais&nbsp;encontraram 500 g de maconha,&nbsp;escondida&nbsp;embaixo do banco do motorista.&nbsp;Questionado sobre a droga, o condutor informou que era para consumo pr\u00f3prio.<\/p>\n\n\n\n<p>Ainda realizadas&nbsp;consultas aos&nbsp;sistemas&nbsp;verificou-se que o abordado j\u00e1 tinha passagem&nbsp;pela pol\u00edcia pelos crimes de tr\u00e1fico&nbsp;de drogas&nbsp;e&nbsp;roubo.<\/p>\n\n\n\n<p>O material apreendido e o conduzido foram encaminhados \u00e0 Delegacia de Pol\u00edcia Civil&nbsp;de Euclides da Cunha para os procedimentos cab\u00edveis.<\/p>\n\n\n\n<p><em>Fonte: Gov.br<\/em><\/p>\n","protected":false},"excerpt":{"rendered":"<p>No final da tarde do \u00faltimo s\u00e1bado (25), a Pol\u00edcia Rodovi\u00e1ria Federal (PRF) em a\u00e7\u00e3o conjunta com a Guarda Municipal de Euclides da Cunha-BA, durante fiscaliza\u00e7\u00e3o de combate \u00e0 criminalidade, prendeu um homem de 69 anos transportando 500g de maconha no interior de um Fiat Strada Working, no referido munic\u00edpio.<\/p>\n","protected":false},"author":2,"featured_media":43413,"comment_status":"open","ping_status":"open","sticky":false,"template":"","format":"standard","meta":{"om_disable_all_campaigns":false,"_monsterinsights_skip_tracking":false,"_monsterinsights_sitenote_active":false,"_monsterinsights_sitenote_note":"","_monsterinsights_sitenote_category":0,"footnotes":""},"categories":[70,17,69,32,22],"tags":[129,313,355,77,149,76],"class_list":["post-43412","post","type-post","status-publish","format-standard","has-post-thumbnail","hentry","category-destaques","category-euclides-da-cunha","category-noticias2","category-regiao","category-seguranca","tag-euclides-da-cunha","tag-gcm","tag-idoso","tag-preso","tag-prf","tag-trafico-de-drogas"],"aioseo_notices":[],"_links":{"self":[{"href":"https:\/\/www.portalalerta.com.br\/index.php\/wp-json\/wp\/v2\/posts\/43412","targetHints":{"allow":["GET"]}}],"collection":[{"href":"https:\/\/www.portalalerta.com.br\/index.php\/wp-json\/wp\/v2\/posts"}],"about":[{"href":"https:\/\/www.portalalerta.com.br\/index.php\/wp-json\/wp\/v2\/types\/post"}],"author":[{"embeddable":true,"href":"https:\/\/www.portalalerta.com.br\/index.php\/wp-json\/wp\/v2\/users\/2"}],"replies":[{"embeddable":true,"href":"https:\/\/www.portalalerta.com.br\/index.php\/wp-json\/wp\/v2\/comments?post=43412"}],"version-history":[{"count":5,"href":"https:\/\/www.portalalerta.com.br\/index.php\/wp-json\/wp\/v2\/posts\/43412\/revisions"}],"predecessor-version":[{"id":43429,"href":"https:\/\/www.portalalerta.com.br\/index.php\/wp-json\/wp\/v2\/posts\/43412\/revisions\/43429"}],"wp:featuredmedia":[{"embeddable":true,"href":"https:\/\/www.portalalerta.com.br\/index.php\/wp-json\/wp\/v2\/media\/43413"}],"wp:attachment":[{"href":"https:\/\/www.portalalerta.com.br\/index.php\/wp-json\/wp\/v2\/media?parent=43412"}],"wp:term":[{"taxonomy":"category","embeddable":true,"href":"https:\/\/www.portalalerta.com.br\/index.php\/wp-json\/wp\/v2\/categories?post=43412"},{"taxonomy":"post_tag","embeddable":true,"href":"https:\/\/www.portalalerta.com.br\/index.php\/wp-json\/wp\/v2\/tags?post=43412"}],"curies":[{"name":"wp","href":"https:\/\/api.w.org\/{rel}","templated":true}]}}