{"id":43418,"date":"2022-06-27T17:00:00","date_gmt":"2022-06-27T20:00:00","guid":{"rendered":"https:\/\/www.portalalerta.com.br\/?p=43418"},"modified":"2022-06-26T23:43:19","modified_gmt":"2022-06-27T02:43:19","slug":"oms-diz-que-no-momento-variola-dos-macacos-nao-e-uma-emergencia-de-saude","status":"publish","type":"post","link":"https:\/\/www.portalalerta.com.br\/index.php\/2022\/06\/27\/oms-diz-que-no-momento-variola-dos-macacos-nao-e-uma-emergencia-de-saude\/","title":{"rendered":"OMS diz que, \u201cno momento\u201d, var\u00edola dos macacos n\u00e3o \u00e9 uma emerg\u00eancia de sa\u00fade"},"content":{"rendered":"\n<p>Tedros Adhanom Ghebreyesus, diretor-geral da OMS, diz estar profundamente preocupado com o surto<\/p>\n\n\n\n<!--more-->\n\n\n\n<p>Var\u00edola dos macacos, ou Monkeypox, ainda n\u00e3o \u00e9 uma emerg\u00eancia de sa\u00fade global, decidiu a Organiza\u00e7\u00e3o Mundial da Sa\u00fade (OMS) no \u00faltimo s\u00e1bado (25), embora o diretor-geral da OMS, Tedros Adhanom Ghebreyesus, tenha dito estar profundamente preocupado com o surto.<\/p>\n\n\n\n<div class=\"wp-block-image\"><figure class=\"alignleft size-full is-resized\"><img fetchpriority=\"high\" decoding=\"async\" src=\"https:\/\/www.portalalerta.com.br\/wp-content\/uploads\/2021\/04\/ELAB.jpg\" alt=\"\" class=\"wp-image-34795\" width=\"421\" height=\"336\" srcset=\"https:\/\/www.portalalerta.com.br\/wp-content\/uploads\/2021\/04\/ELAB.jpg 1000w, https:\/\/www.portalalerta.com.br\/wp-content\/uploads\/2021\/04\/ELAB-300x240.jpg 300w, https:\/\/www.portalalerta.com.br\/wp-content\/uploads\/2021\/04\/ELAB-768x614.jpg 768w, https:\/\/www.portalalerta.com.br\/wp-content\/uploads\/2021\/04\/ELAB-183x146.jpg 183w, https:\/\/www.portalalerta.com.br\/wp-content\/uploads\/2021\/04\/ELAB-50x40.jpg 50w, https:\/\/www.portalalerta.com.br\/wp-content\/uploads\/2021\/04\/ELAB-94x75.jpg 94w\" sizes=\"(max-width: 421px) 100vw, 421px\" \/><\/figure><\/div>\n\n\n\n<p><strong><em>\u201cEstou profundamente preocupado com o surto de var\u00edola, esta \u00e9 claramente uma amea\u00e7a \u00e0 sa\u00fade em evolu\u00e7\u00e3o que meus colegas e eu na Secretaria da OMS estamos acompanhando de perto\u201d,<\/em><\/strong> disse Tedros.<\/p>\n\n\n\n<p>Segundo a nota divulgada pela organiza\u00e7\u00e3o, o <strong><em>\u201cdiretor-geral da OMS concorda com o conselho oferecido pelo Comit\u00ea de Emerg\u00eancia do RSI em rela\u00e7\u00e3o ao surto de var\u00edola em v\u00e1rios pa\u00edses e, no momento, n\u00e3o determina que o evento constitua uma Emerg\u00eancia de Sa\u00fade P\u00fablica de Interesse Internacional (ESPII)\u201d<\/em><\/strong>.<\/p>\n\n\n\n<p><em>Fonte: Metro1<\/em><\/p>\n","protected":false},"excerpt":{"rendered":"<p>Tedros Adhanom Ghebreyesus, diretor-geral da OMS, diz estar profundamente preocupado com o surto<\/p>\n","protected":false},"author":2,"featured_media":23408,"comment_status":"open","ping_status":"open","sticky":false,"template":"","format":"standard","meta":{"om_disable_all_campaigns":false,"_monsterinsights_skip_tracking":false,"_monsterinsights_sitenote_active":false,"_monsterinsights_sitenote_note":"","_monsterinsights_sitenote_category":0,"footnotes":""},"categories":[70,35,69,19],"tags":[339,2954,61,5419],"class_list":["post-43418","post","type-post","status-publish","format-standard","has-post-thumbnail","hentry","category-destaques","category-mundo","category-noticias2","category-saude","tag-mundo","tag-oms","tag-saude","tag-variola-do-macaco"],"aioseo_notices":[],"_links":{"self":[{"href":"https:\/\/www.portalalerta.com.br\/index.php\/wp-json\/wp\/v2\/posts\/43418","targetHints":{"allow":["GET"]}}],"collection":[{"href":"https:\/\/www.portalalerta.com.br\/index.php\/wp-json\/wp\/v2\/posts"}],"about":[{"href":"https:\/\/www.portalalerta.com.br\/index.php\/wp-json\/wp\/v2\/types\/post"}],"author":[{"embeddable":true,"href":"https:\/\/www.portalalerta.com.br\/index.php\/wp-json\/wp\/v2\/users\/2"}],"replies":[{"embeddable":true,"href":"https:\/\/www.portalalerta.com.br\/index.php\/wp-json\/wp\/v2\/comments?post=43418"}],"version-history":[{"count":1,"href":"https:\/\/www.portalalerta.com.br\/index.php\/wp-json\/wp\/v2\/posts\/43418\/revisions"}],"predecessor-version":[{"id":43419,"href":"https:\/\/www.portalalerta.com.br\/index.php\/wp-json\/wp\/v2\/posts\/43418\/revisions\/43419"}],"wp:featuredmedia":[{"embeddable":true,"href":"https:\/\/www.portalalerta.com.br\/index.php\/wp-json\/wp\/v2\/media\/23408"}],"wp:attachment":[{"href":"https:\/\/www.portalalerta.com.br\/index.php\/wp-json\/wp\/v2\/media?parent=43418"}],"wp:term":[{"taxonomy":"category","embeddable":true,"href":"https:\/\/www.portalalerta.com.br\/index.php\/wp-json\/wp\/v2\/categories?post=43418"},{"taxonomy":"post_tag","embeddable":true,"href":"https:\/\/www.portalalerta.com.br\/index.php\/wp-json\/wp\/v2\/tags?post=43418"}],"curies":[{"name":"wp","href":"https:\/\/api.w.org\/{rel}","templated":true}]}}