{"id":43422,"date":"2022-06-27T17:03:00","date_gmt":"2022-06-27T20:03:00","guid":{"rendered":"https:\/\/www.portalalerta.com.br\/?p=43422"},"modified":"2022-06-27T00:01:26","modified_gmt":"2022-06-27T03:01:26","slug":"policia-recupera-veiculo-um-dia-apos-ter-sido-furtado-em-euclides-da-cunha-ba","status":"publish","type":"post","link":"https:\/\/www.portalalerta.com.br\/index.php\/2022\/06\/27\/policia-recupera-veiculo-um-dia-apos-ter-sido-furtado-em-euclides-da-cunha-ba\/","title":{"rendered":"Pol\u00edcia recupera ve\u00edculo um dia ap\u00f3s ter sido furtado em Euclides da Cunha-BA"},"content":{"rendered":"\n<p>Na madrugada deste domingo (26), policiais militares que estavam empregados numa patrulha durante um evento junino, em Euclides da Cunha-BA, recuperaram uma motocicleta Honda Pop de cor vermelha, demais dados informados, produto de furto.<\/p>\n\n\n\n<!--more-->\n\n\n\n<p>A a\u00e7\u00e3o ocorreu ap\u00f3s os militares desconfiarem de que o ve\u00edculo que era conduzido por um jovem, seria o mesmo furtado na noite anterior na cidade, tendo em vista que apresentava caracter\u00edsticas semelhantes.<\/p>\n\n\n\n<p>Durante a abordagem, a suspeita foi confirmada, e o jovem foi preso em flagrante, sendo conduzido juntamente com o ve\u00edculo para o Complexo Policial da cidade.<\/p>\n\n\n\n<p><em>Reda\u00e7\u00e3o: Portal Alerta<\/em><\/p>\n","protected":false},"excerpt":{"rendered":"<p>Na madrugada deste domingo (26), policiais militares que estavam empregados numa patrulha durante um evento junino, em Euclides da Cunha-BA, recuperaram uma motocicleta Honda Pop de cor vermelha, demais dados informados, produto de furto.<\/p>\n","protected":false},"author":2,"featured_media":43423,"comment_status":"open","ping_status":"open","sticky":false,"template":"","format":"standard","meta":{"om_disable_all_campaigns":false,"_monsterinsights_skip_tracking":false,"_monsterinsights_sitenote_active":false,"_monsterinsights_sitenote_note":"","_monsterinsights_sitenote_category":0,"footnotes":""},"categories":[70,17,69,32,22],"tags":[129,1531,79,77,102],"class_list":["post-43422","post","type-post","status-publish","format-standard","has-post-thumbnail","hentry","category-destaques","category-euclides-da-cunha","category-noticias2","category-regiao","category-seguranca","tag-euclides-da-cunha","tag-furto-de-moto","tag-policia-militar","tag-preso","tag-veiculo-recuperado"],"aioseo_notices":[],"_links":{"self":[{"href":"https:\/\/www.portalalerta.com.br\/index.php\/wp-json\/wp\/v2\/posts\/43422","targetHints":{"allow":["GET"]}}],"collection":[{"href":"https:\/\/www.portalalerta.com.br\/index.php\/wp-json\/wp\/v2\/posts"}],"about":[{"href":"https:\/\/www.portalalerta.com.br\/index.php\/wp-json\/wp\/v2\/types\/post"}],"author":[{"embeddable":true,"href":"https:\/\/www.portalalerta.com.br\/index.php\/wp-json\/wp\/v2\/users\/2"}],"replies":[{"embeddable":true,"href":"https:\/\/www.portalalerta.com.br\/index.php\/wp-json\/wp\/v2\/comments?post=43422"}],"version-history":[{"count":1,"href":"https:\/\/www.portalalerta.com.br\/index.php\/wp-json\/wp\/v2\/posts\/43422\/revisions"}],"predecessor-version":[{"id":43424,"href":"https:\/\/www.portalalerta.com.br\/index.php\/wp-json\/wp\/v2\/posts\/43422\/revisions\/43424"}],"wp:featuredmedia":[{"embeddable":true,"href":"https:\/\/www.portalalerta.com.br\/index.php\/wp-json\/wp\/v2\/media\/43423"}],"wp:attachment":[{"href":"https:\/\/www.portalalerta.com.br\/index.php\/wp-json\/wp\/v2\/media?parent=43422"}],"wp:term":[{"taxonomy":"category","embeddable":true,"href":"https:\/\/www.portalalerta.com.br\/index.php\/wp-json\/wp\/v2\/categories?post=43422"},{"taxonomy":"post_tag","embeddable":true,"href":"https:\/\/www.portalalerta.com.br\/index.php\/wp-json\/wp\/v2\/tags?post=43422"}],"curies":[{"name":"wp","href":"https:\/\/api.w.org\/{rel}","templated":true}]}}