{"id":43433,"date":"2022-06-28T09:42:47","date_gmt":"2022-06-28T12:42:47","guid":{"rendered":"https:\/\/www.portalalerta.com.br\/?p=43433"},"modified":"2022-06-28T09:42:49","modified_gmt":"2022-06-28T12:42:49","slug":"criminosos-assaltam-loja-de-moveis-e-eletrodomesticos-em-fatima-ba","status":"publish","type":"post","link":"https:\/\/www.portalalerta.com.br\/index.php\/2022\/06\/28\/criminosos-assaltam-loja-de-moveis-e-eletrodomesticos-em-fatima-ba\/","title":{"rendered":"Criminosos assaltam loja de M\u00f3veis e eletrodom\u00e9sticos, em F\u00e1tima-BA"},"content":{"rendered":"\n<p>Por volta das 08:20hs desta segunda-feira, (27), dois criminosos a bordo de uma motocicleta de dados n\u00e3o anotados, realizaram um assalto \u00e0 loja&nbsp;Griffe M\u00f3veis &amp; Eletros&nbsp;situada na Avenida 07 De Setembro, em F\u00e1tima-BA.<\/p>\n\n\n\n<!--more-->\n\n\n\n<div class=\"wp-block-image\"><figure class=\"aligncenter size-full\"><img fetchpriority=\"high\" decoding=\"async\" width=\"720\" height=\"181\" src=\"https:\/\/www.portalalerta.com.br\/wp-content\/uploads\/2018\/02\/Auto-Escola-Nobre.jpg\" alt=\"\" class=\"wp-image-4869\" srcset=\"https:\/\/www.portalalerta.com.br\/wp-content\/uploads\/2018\/02\/Auto-Escola-Nobre.jpg 720w, https:\/\/www.portalalerta.com.br\/wp-content\/uploads\/2018\/02\/Auto-Escola-Nobre-260x65.jpg 260w, https:\/\/www.portalalerta.com.br\/wp-content\/uploads\/2018\/02\/Auto-Escola-Nobre-50x13.jpg 50w, https:\/\/www.portalalerta.com.br\/wp-content\/uploads\/2018\/02\/Auto-Escola-Nobre-150x38.jpg 150w\" sizes=\"(max-width: 720px) 100vw, 720px\" \/><\/figure><\/div>\n\n\n\n<p>De acordo com informa\u00e7\u00f5es, dois elementos armados entraram no estabelecimento e anunciaram o assalto, onde subtra\u00edram diversos aparelhos celulares ap\u00f3s destru\u00edrem a vitrine onde os aparelhos estavam expostos, com martelo. Os criminosos entraram na loja utilizando capacetes, dificultando assim o reconhecimento. Ap\u00f3s o assalto, a dupla fugiu para um destino ignorado. Funcion\u00e1rios e clientes que estavam no local, n\u00e3o foram alvos dos assaltantes.<\/p>\n\n\n\n<p>Assim que foram informados do crime, policiais militares e Guardas municipais da cidade, realizaram dilig\u00eancias na tentativa de capturar os assaltantes, por\u00e9m sem sucesso<\/p>\n\n\n\n<div class=\"wp-block-image\"><figure class=\"aligncenter size-full\"><img decoding=\"async\" width=\"400\" height=\"362\" src=\"https:\/\/www.portalalerta.com.br\/wp-content\/uploads\/2022\/06\/assalto-a-estabelecimento-comercial-em-Fatima-2022.jpg\" alt=\"\" class=\"wp-image-43434\" srcset=\"https:\/\/www.portalalerta.com.br\/wp-content\/uploads\/2022\/06\/assalto-a-estabelecimento-comercial-em-Fatima-2022.jpg 400w, https:\/\/www.portalalerta.com.br\/wp-content\/uploads\/2022\/06\/assalto-a-estabelecimento-comercial-em-Fatima-2022-265x240.jpg 265w\" sizes=\"(max-width: 400px) 100vw, 400px\" \/><\/figure><\/div>\n\n\n\n<p>.C\u00e2meras de monitoramento flagraram toda a a\u00e7\u00e3o, bem como a fuga da dupla.<\/p>\n\n\n\n<p><em>Fonte: Cicero Dantas Acontece<\/em><\/p>\n","protected":false},"excerpt":{"rendered":"<p>Por volta das 08:20hs desta segunda-feira, (27), dois criminosos a bordo de uma motocicleta de dados n\u00e3o anotados, realizaram um assalto \u00e0 loja&nbsp;Griffe M\u00f3veis &amp; Eletros&nbsp;situada na Avenida 07 De Setembro, em F\u00e1tima-BA.<\/p>\n","protected":false},"author":2,"featured_media":43435,"comment_status":"open","ping_status":"open","sticky":false,"template":"","format":"standard","meta":{"om_disable_all_campaigns":false,"_monsterinsights_skip_tracking":false,"_monsterinsights_sitenote_active":false,"_monsterinsights_sitenote_note":"","_monsterinsights_sitenote_category":0,"footnotes":""},"categories":[70,10,69,32,22],"tags":[286,147,107],"class_list":["post-43433","post","type-post","status-publish","format-standard","has-post-thumbnail","hentry","category-destaques","category-fatima","category-noticias2","category-regiao","category-seguranca","tag-assalto","tag-assalto-a-estabelecimento-comercial","tag-fatima"],"aioseo_notices":[],"_links":{"self":[{"href":"https:\/\/www.portalalerta.com.br\/index.php\/wp-json\/wp\/v2\/posts\/43433","targetHints":{"allow":["GET"]}}],"collection":[{"href":"https:\/\/www.portalalerta.com.br\/index.php\/wp-json\/wp\/v2\/posts"}],"about":[{"href":"https:\/\/www.portalalerta.com.br\/index.php\/wp-json\/wp\/v2\/types\/post"}],"author":[{"embeddable":true,"href":"https:\/\/www.portalalerta.com.br\/index.php\/wp-json\/wp\/v2\/users\/2"}],"replies":[{"embeddable":true,"href":"https:\/\/www.portalalerta.com.br\/index.php\/wp-json\/wp\/v2\/comments?post=43433"}],"version-history":[{"count":1,"href":"https:\/\/www.portalalerta.com.br\/index.php\/wp-json\/wp\/v2\/posts\/43433\/revisions"}],"predecessor-version":[{"id":43436,"href":"https:\/\/www.portalalerta.com.br\/index.php\/wp-json\/wp\/v2\/posts\/43433\/revisions\/43436"}],"wp:featuredmedia":[{"embeddable":true,"href":"https:\/\/www.portalalerta.com.br\/index.php\/wp-json\/wp\/v2\/media\/43435"}],"wp:attachment":[{"href":"https:\/\/www.portalalerta.com.br\/index.php\/wp-json\/wp\/v2\/media?parent=43433"}],"wp:term":[{"taxonomy":"category","embeddable":true,"href":"https:\/\/www.portalalerta.com.br\/index.php\/wp-json\/wp\/v2\/categories?post=43433"},{"taxonomy":"post_tag","embeddable":true,"href":"https:\/\/www.portalalerta.com.br\/index.php\/wp-json\/wp\/v2\/tags?post=43433"}],"curies":[{"name":"wp","href":"https:\/\/api.w.org\/{rel}","templated":true}]}}