{"id":43437,"date":"2022-06-28T09:50:46","date_gmt":"2022-06-28T12:50:46","guid":{"rendered":"https:\/\/www.portalalerta.com.br\/?p=43437"},"modified":"2022-06-28T09:50:48","modified_gmt":"2022-06-28T12:50:48","slug":"flavio-bolsonaro-entra-em-campo-para-tentar-barrar-cpi-do-mec-no-senado","status":"publish","type":"post","link":"https:\/\/www.portalalerta.com.br\/index.php\/2022\/06\/28\/flavio-bolsonaro-entra-em-campo-para-tentar-barrar-cpi-do-mec-no-senado\/","title":{"rendered":"Fl\u00e1vio Bolsonaro entra em campo para tentar barrar CPI do MEC no Senado"},"content":{"rendered":"\n<p>O Pal\u00e1cio do Planalto pretende intensificar a partir desta ter\u00e7a-feira a ofensiva para barrar a cria\u00e7\u00e3o de uma Comiss\u00e3o Parlamentar de Inqu\u00e9rito (CPI) no Senado para investigar suspeitas de corrup\u00e7\u00e3o no Minist\u00e9rio da Educa\u00e7\u00e3o. A articula\u00e7\u00e3o governista, que at\u00e9 ent\u00e3o estava sendo tocada pelo novo l\u00edder do governo na Casa, Carlos Portinho (PL-RJ), deve ganhar o refor\u00e7o do senador Fl\u00e1vio Bolsonaro (PL-RJ), respons\u00e1vel por coordenar a campanha \u00e0 reelei\u00e7\u00e3o do pai, o presidente Jair Bolsonaro (PL).<\/p>\n\n\n\n<!--more-->\n\n\n\n<p>Portinho foi diagnosticado no fim de semana com Covid-19 e se manter\u00e1 em isolamento at\u00e9 quinta-feira. Ele vinha apostando numa resist\u00eancia do presidente do Senado, Rodrigo Pacheco (PSD-MG), a instalar uma CPI \u00e0s v\u00e9speras da campanha eleitoral. O Planalto, por\u00e9m, n\u00e3o quer depender de Pacheco, que \u00e9 visto com desconfian\u00e7a pelo entorno de Bolsonaro, e pretende intensificar as conversas para tentar convencer senadores a retirarem seu nome da lista de apoio. Ontem, o presidente do Senado disse que o pedido, quando apresentado, ser\u00e1 analisado com \u201cceleridade\u201d.<\/p>\n\n\n\n<div class=\"wp-block-image\"><figure class=\"alignleft size-full is-resized\"><img fetchpriority=\"high\" decoding=\"async\" src=\"https:\/\/www.portalalerta.com.br\/wp-content\/uploads\/2021\/04\/ELAB.jpg\" alt=\"\" class=\"wp-image-34795\" width=\"394\" height=\"314\" srcset=\"https:\/\/www.portalalerta.com.br\/wp-content\/uploads\/2021\/04\/ELAB.jpg 1000w, https:\/\/www.portalalerta.com.br\/wp-content\/uploads\/2021\/04\/ELAB-300x240.jpg 300w, https:\/\/www.portalalerta.com.br\/wp-content\/uploads\/2021\/04\/ELAB-768x614.jpg 768w, https:\/\/www.portalalerta.com.br\/wp-content\/uploads\/2021\/04\/ELAB-183x146.jpg 183w, https:\/\/www.portalalerta.com.br\/wp-content\/uploads\/2021\/04\/ELAB-50x40.jpg 50w, https:\/\/www.portalalerta.com.br\/wp-content\/uploads\/2021\/04\/ELAB-94x75.jpg 94w\" sizes=\"(max-width: 394px) 100vw, 394px\" \/><\/figure><\/div>\n\n\n\n<p>Governistas avaliam que, embora haja 28 assinaturas para a abertura de uma CPI \u2014 uma a mais do que as 27 necess\u00e1rias \u2014, muitos senadores est\u00e3o suscet\u00edveis a desistir por causa da proximidade das elei\u00e7\u00f5es. O argumento de aliados do Planalto \u00e9 que uma comiss\u00e3o em plena campanha poder\u00e1 ficar esvaziada, com integrantes sendo acusados de usar o colegiado como palanque. Al\u00e9m disso, tentam convencer senadores a desistir alegando que j\u00e1 h\u00e1 investiga\u00e7\u00e3o em curso da Pol\u00edcia Federal e da pr\u00f3pria Controladoria-Geral da Uni\u00e3o.<\/p>\n\n\n\n<p>A base governista est\u00e1 focada em dois senadores que veem como mais prop\u00edcios a retirarem seus nomes: Eduardo Braga (MDB-AM) e Alexandre Giordano (MDB-SP). Ambos j\u00e1 foram beneficiados pelo chamado or\u00e7amento secreto, instrumento usado pelo governo para conquistar apoio no Congresso. Segundo os documentos enviados ao STF por Pacheco, Giordano indicou ao menos R$ 30 milh\u00f5es em emendas de relator. Braga, por sua vez, n\u00e3o detalhou valores no of\u00edcio no qual admite ter recebido.<\/p>\n\n\n\n<p>Procurados ontem, Giordano e Braga disseram, por meio de suas assessorias, que mant\u00eam o apoio \u00e0 CPI.<\/p>\n\n\n\n<p>Em outra frente, Portinho tenta convencer Pacheco a barrar a comiss\u00e3o do MEC com o argumento de que h\u00e1 na fila pedidos para instala\u00e7\u00e3o de outras tr\u00eas CPIs j\u00e1 protocolados no Senado: uma sobre obras paradas do MEC em gest\u00f5es passadas; outra sobre a atua\u00e7\u00e3o do narcotr\u00e1fico no Norte e Nordeste do pa\u00eds, e uma terceira que trata da atua\u00e7\u00e3o de ONGs na Amaz\u00f4nia.<\/p>\n\n\n\n<p>Nos bastidores, l\u00edderes governistas do Senado amea\u00e7am recorrer ao Supremo Tribunal Federal (STF) caso Pacheco decida abrir a CPI da oposi\u00e7\u00e3o antes das outras comiss\u00f5es.<\/p>\n\n\n\n<p>Apesar da expectativa do governo, por\u00e9m, interlocutores de Pacheco afirmam que ele deve instalar a CPI do MEC se a oposi\u00e7\u00e3o conseguir manter o apoio necess\u00e1rio e protocolar o requerimento. A ideia \u00e9 evitar o que aconteceu no ano passado, quando o presidente do Senado foi obrigado pelo Supremo a abrir a CPI da Covid ap\u00f3s segurar a abertura por meses.<\/p>\n\n\n\n<p>O l\u00edder da oposi\u00e7\u00e3o no Senado, Randolfe Rodrigues (Rede-AP), deu o dia de hoje como prazo para protocolar o pedido. A ideia \u00e9 garantir que mais parlamentares assinem o requerimento para blind\u00e1-lo de eventual retirada de nomes da lista na \u00faltima hora.<\/p>\n\n\n\n<p>Em outra frente, um relat\u00f3rio da Controladoria-Geral da Uni\u00e3o (CGU) sobre as suspeitas no MEC trouxe depoimentos que refor\u00e7am a proximidade do ex-ministro Milton Ribeiro com pastores investigados por operarem o esquema. Um servidor do minist\u00e9rio relatou que, a partir de maio de 2021, o ent\u00e3o ministro passou a receber Arilton Moura e Gilmar Santos inclusive em casa. Segundo documentos obtidos via Lei de Acesso \u00e0 Informa\u00e7\u00e3o, Moura esteve 90 vezes na sede do MEC desde o in\u00edcio do governo Bolsonaro.<\/p>\n\n\n\n<p><em>Fonte: Yahoo Not\u00edcias<\/em><\/p>\n","protected":false},"excerpt":{"rendered":"<p>O Pal\u00e1cio do Planalto pretende intensificar a partir desta ter\u00e7a-feira a ofensiva para barrar a cria\u00e7\u00e3o de uma Comiss\u00e3o Parlamentar de Inqu\u00e9rito (CPI) no Senado para investigar suspeitas de corrup\u00e7\u00e3o no Minist\u00e9rio da Educa\u00e7\u00e3o. A articula\u00e7\u00e3o governista, que at\u00e9 ent\u00e3o estava sendo tocada pelo novo l\u00edder do governo na Casa, Carlos Portinho (PL-RJ), deve ganhar &hellip;<\/p>\n","protected":false},"author":2,"featured_media":34241,"comment_status":"open","ping_status":"open","sticky":false,"template":"","format":"standard","meta":{"om_disable_all_campaigns":false,"_monsterinsights_skip_tracking":false,"_monsterinsights_sitenote_active":false,"_monsterinsights_sitenote_note":"","_monsterinsights_sitenote_category":0,"footnotes":""},"categories":[34,70,69,21],"tags":[93,115,721,1976,1437,1436,235],"class_list":["post-43437","post","type-post","status-publish","format-standard","has-post-thumbnail","hentry","category-brasil","category-destaques","category-noticias2","category-politica","tag-brasil","tag-corrupcao","tag-cpi","tag-flavio-bolsonaro","tag-mec","tag-ministerio-da-educacao","tag-senado-federal"],"aioseo_notices":[],"_links":{"self":[{"href":"https:\/\/www.portalalerta.com.br\/index.php\/wp-json\/wp\/v2\/posts\/43437","targetHints":{"allow":["GET"]}}],"collection":[{"href":"https:\/\/www.portalalerta.com.br\/index.php\/wp-json\/wp\/v2\/posts"}],"about":[{"href":"https:\/\/www.portalalerta.com.br\/index.php\/wp-json\/wp\/v2\/types\/post"}],"author":[{"embeddable":true,"href":"https:\/\/www.portalalerta.com.br\/index.php\/wp-json\/wp\/v2\/users\/2"}],"replies":[{"embeddable":true,"href":"https:\/\/www.portalalerta.com.br\/index.php\/wp-json\/wp\/v2\/comments?post=43437"}],"version-history":[{"count":1,"href":"https:\/\/www.portalalerta.com.br\/index.php\/wp-json\/wp\/v2\/posts\/43437\/revisions"}],"predecessor-version":[{"id":43438,"href":"https:\/\/www.portalalerta.com.br\/index.php\/wp-json\/wp\/v2\/posts\/43437\/revisions\/43438"}],"wp:featuredmedia":[{"embeddable":true,"href":"https:\/\/www.portalalerta.com.br\/index.php\/wp-json\/wp\/v2\/media\/34241"}],"wp:attachment":[{"href":"https:\/\/www.portalalerta.com.br\/index.php\/wp-json\/wp\/v2\/media?parent=43437"}],"wp:term":[{"taxonomy":"category","embeddable":true,"href":"https:\/\/www.portalalerta.com.br\/index.php\/wp-json\/wp\/v2\/categories?post=43437"},{"taxonomy":"post_tag","embeddable":true,"href":"https:\/\/www.portalalerta.com.br\/index.php\/wp-json\/wp\/v2\/tags?post=43437"}],"curies":[{"name":"wp","href":"https:\/\/api.w.org\/{rel}","templated":true}]}}