{"id":43439,"date":"2022-06-28T09:59:02","date_gmt":"2022-06-28T12:59:02","guid":{"rendered":"https:\/\/www.portalalerta.com.br\/?p=43439"},"modified":"2022-06-28T09:59:04","modified_gmt":"2022-06-28T12:59:04","slug":"uma-pessoa-morre-apos-acidente-de-transito-em-euclides-da-cunha-ba","status":"publish","type":"post","link":"https:\/\/www.portalalerta.com.br\/index.php\/2022\/06\/28\/uma-pessoa-morre-apos-acidente-de-transito-em-euclides-da-cunha-ba\/","title":{"rendered":"Uma pessoa morre ap\u00f3s acidente de tr\u00e2nsito, em Euclides da Cunha-BA"},"content":{"rendered":"\n<p>Um homem ainda n\u00e3o identificado morreu ap\u00f3s se envolver em um acidente automobil\u00edstico na BR 116\/Norte, zona rural de Euclides da Cunha. O acidente aconteceu no in\u00edcio da noite desta segunda-feira (27) nas proximidades de Mata, distante 08 quil\u00f4metros sede.<\/p>\n\n\n\n<!--more-->\n\n\n\n<p>A v\u00edtima conduzia um carro de marca\/modelo GM Celta, que colidiu frontalmente contra uma carreta que trafegava no sentido oposto. Com o impacto, o autom\u00f3vel ficou destru\u00eddo e o corpo do homem ficou preso entre as ferragens, onde foi constatado o \u00f3bito.<\/p>\n\n\n\n<div class=\"wp-block-image\"><figure class=\"aligncenter size-full\"><img decoding=\"async\" src=\"https:\/\/www.portalalerta.com.br\/wp-content\/uploads\/2022\/06\/Real-Calcados-Sao-Joao-2022.jpg\" alt=\"\" class=\"wp-image-43012\"\/><\/figure><\/div>\n\n\n\n<p>As circunst\u00e2ncias da colis\u00e3o s\u00e3o desconhecidas. Sabe-se que, pouco antes do acidente, o homem havia abastecido o carro em um posto, na sede. Ainda de acordo com relatos, ele parecia estar desorientado ao perguntar onde ficava um dos munic\u00edpios na dire\u00e7\u00e3o Norte. Ao sair do posto, teria trafegado pela contram\u00e3o por um pequeno trecho do canteiro central da rodovia federal \u2013 na sa\u00edda para Canudos \u2013 e em seguida converteu a pista correta, por\u00e9m, passando por cima da guia.<\/p>\n\n\n\n<p>Uma equipe do Departamento de Pol\u00edcia T\u00e9cnica (DPT) de Euclides da Cunha foi designada ao local, para realizar a per\u00edcia, levantamento cadav\u00e9rico e remo\u00e7\u00e3o do corpo.<\/p>\n\n\n\n<p><em>Fonte: euclidesdacunha.com<\/em><\/p>\n","protected":false},"excerpt":{"rendered":"<p>Um homem ainda n\u00e3o identificado morreu ap\u00f3s se envolver em um acidente automobil\u00edstico na BR 116\/Norte, zona rural de Euclides da Cunha. O acidente aconteceu no in\u00edcio da noite desta segunda-feira (27) nas proximidades de Mata, distante 08 quil\u00f4metros sede.<\/p>\n","protected":false},"author":2,"featured_media":19982,"comment_status":"open","ping_status":"open","sticky":false,"template":"","format":"standard","meta":{"om_disable_all_campaigns":false,"_monsterinsights_skip_tracking":false,"_monsterinsights_sitenote_active":false,"_monsterinsights_sitenote_note":"","_monsterinsights_sitenote_category":0,"footnotes":""},"categories":[70,17,69,32],"tags":[166,129,169],"class_list":["post-43439","post","type-post","status-publish","format-standard","has-post-thumbnail","hentry","category-destaques","category-euclides-da-cunha","category-noticias2","category-regiao","tag-acidente","tag-euclides-da-cunha","tag-morte"],"aioseo_notices":[],"_links":{"self":[{"href":"https:\/\/www.portalalerta.com.br\/index.php\/wp-json\/wp\/v2\/posts\/43439","targetHints":{"allow":["GET"]}}],"collection":[{"href":"https:\/\/www.portalalerta.com.br\/index.php\/wp-json\/wp\/v2\/posts"}],"about":[{"href":"https:\/\/www.portalalerta.com.br\/index.php\/wp-json\/wp\/v2\/types\/post"}],"author":[{"embeddable":true,"href":"https:\/\/www.portalalerta.com.br\/index.php\/wp-json\/wp\/v2\/users\/2"}],"replies":[{"embeddable":true,"href":"https:\/\/www.portalalerta.com.br\/index.php\/wp-json\/wp\/v2\/comments?post=43439"}],"version-history":[{"count":1,"href":"https:\/\/www.portalalerta.com.br\/index.php\/wp-json\/wp\/v2\/posts\/43439\/revisions"}],"predecessor-version":[{"id":43440,"href":"https:\/\/www.portalalerta.com.br\/index.php\/wp-json\/wp\/v2\/posts\/43439\/revisions\/43440"}],"wp:featuredmedia":[{"embeddable":true,"href":"https:\/\/www.portalalerta.com.br\/index.php\/wp-json\/wp\/v2\/media\/19982"}],"wp:attachment":[{"href":"https:\/\/www.portalalerta.com.br\/index.php\/wp-json\/wp\/v2\/media?parent=43439"}],"wp:term":[{"taxonomy":"category","embeddable":true,"href":"https:\/\/www.portalalerta.com.br\/index.php\/wp-json\/wp\/v2\/categories?post=43439"},{"taxonomy":"post_tag","embeddable":true,"href":"https:\/\/www.portalalerta.com.br\/index.php\/wp-json\/wp\/v2\/tags?post=43439"}],"curies":[{"name":"wp","href":"https:\/\/api.w.org\/{rel}","templated":true}]}}