{"id":43441,"date":"2022-06-28T10:03:12","date_gmt":"2022-06-28T13:03:12","guid":{"rendered":"https:\/\/www.portalalerta.com.br\/?p=43441"},"modified":"2022-06-28T10:03:13","modified_gmt":"2022-06-28T13:03:13","slug":"dois-pacientes-morrem-em-incendio-na-santa-casa-de-bh-931-estavam-no-predio","status":"publish","type":"post","link":"https:\/\/www.portalalerta.com.br\/index.php\/2022\/06\/28\/dois-pacientes-morrem-em-incendio-na-santa-casa-de-bh-931-estavam-no-predio\/","title":{"rendered":"Dois pacientes morrem em inc\u00eandio na Santa Casa de BH; 931 estavam no pr\u00e9dio"},"content":{"rendered":"\n<p>Dois pacientes morreram durante um inc\u00eandio na Santa Casa de Belo Horizonte, ocorrido no fim da noite desta segunda-feira. O fogo atingiu o 10\u00ba andar da unidade de sa\u00fade. Os nomes das v\u00edtimas n\u00e3o haviam sido divulgados at\u00e9 a manh\u00e3 desta ter\u00e7a-feira. De acordo com a assessoria de imprensa da Santa Casa, os mortos n\u00e3o sofreram queimaduras. Os corpos foram encaminhados para o Instituto M\u00e9dico Legal (IML), onde ser\u00e3o realizados exames para determinar a causa dos \u00f3bitos. As informa\u00e7\u00f5es s\u00e3o do g1.<\/p>\n\n\n\n<!--more-->\n\n\n\n<p>O fogo se alastrou ap\u00f3s, de acordo com o Corpo de Bombeiros, uma sa\u00edda de oxig\u00eanio apresentar problemas num dos quartos do 10\u00ba andar. Novecentos e cinquenta pacientes tiveram que ser retirados da unidade de sa\u00fade e 15 foram transferidos para outros hospitais.<\/p>\n\n\n\n<p>Enquanto o fogo era combatido, pacientes e funcion\u00e1rios ficaram em ruas pr\u00f3ximas \u00e0 Santa Casa. No in\u00edcio da madrugada desta ter\u00e7a-feira, as pessoas come\u00e7aram a voltar para o pr\u00e9dio.<\/p>\n\n\n\n<p>\u2014 <strong><em>Esse inc\u00eandio se iniciou no 10\u00ba andar, onde funciona a UTI desse hospital, e teria sido provocado, a princ\u00edpio, devido a um vazamento de O2 (oxig\u00eanio) combinado com a pane, um colapso de um determinado equipamento. Imediatamente, as equipes do Corpo de Bombeiros realizaram o combate ao inc\u00eandio e evacuaram todo o hospital, especialmente aquelas pessoas que poderiam ser evacuadas naquele momento<\/em><\/strong> \u2014 disse o porta-voz do Corpo de Bombeiros, tenente Pedro Aihara, ao g1.<\/p>\n\n\n\n<p>O Corpo de Bombeiros e a Defesa Civil de BH informaram que n\u00e3o houve danos estruturais no pr\u00e9dio da Santa Casa. No 10\u00ba andar da unidade, de acordo com Aihara, fica o Centro de Tratamento Intensivo (CTI), com pacientes graves. Segundo o oficial, as mortes ocorreram durante a transfer\u00eancia.<\/p>\n\n\n\n<p>\u2014 <strong><em>O que a dire\u00e7\u00e3o do hospital realiza neste momento \u00e9 a investiga\u00e7\u00e3o, esses corpos v\u00e3o ser conduzidos ao IML para que possa ser verificado se o \u00f3bito foi em decorr\u00eancia da transfer\u00eancia ou do pr\u00f3prio quadro de sa\u00fade que esses pacientes apresentavam<\/em><\/strong> \u2014 relatou o tenente ao g1.<\/p>\n\n\n\n<p><strong>O que diz a Santa Casa:<\/strong><\/p>\n\n\n\n<p><strong><em>&#8220;Acerca do inc\u00eandio ocorrido na ala C do 10\u00ba andar da Santa Casa BH, a institui\u00e7\u00e3o informa que os pacientes foram remanejados e submetidos a uma avalia\u00e7\u00e3o pelo corpo assistencial. A \u00e1rea onde ocorreu o inc\u00eandio encontra-se interditada pelo Corpo de Bombeiros e Defesa Civil e as demais \u00e1reas voltaram ao seu funcionamento regular.<\/em><\/strong><\/p>\n\n\n\n<p><strong><em>No momento do in\u00edcio do inc\u00eandio, haviam 931 pacientes internados. Os que se encontravam no 10\u00ba e 9\u00ba andares foram removidos, mas j\u00e1 est\u00e3o retornando e recebendo a devida assist\u00eancia. Foram registrados dois \u00f3bitos de pacientes que apresentavam quadro cl\u00ednico grave. Os corpos est\u00e3o sendo encaminhados para o Instituto M\u00e9dico Legal (IML).<\/em><\/strong><\/p>\n\n\n\n<p><strong><em>A Santa Casa BH agradece o trabalho realizado pela Pol\u00edcia Militar de Minas Gerais, Corpo de Bombeiros Militar, Defesa Civil e Servi\u00e7o de Atendimento M\u00f3vel de Urg\u00eancia. Ressalta, ainda, o trabalho e a disposi\u00e7\u00e3o dos funcion\u00e1rios e brigadistas da institui\u00e7\u00e3o&#8221;<\/em><\/strong>.<\/p>\n\n\n\n<p>Fonte: Yahoo Not\u00edcias<\/p>\n","protected":false},"excerpt":{"rendered":"<p>Dois pacientes morreram durante um inc\u00eandio na Santa Casa de Belo Horizonte, ocorrido no fim da noite desta segunda-feira. O fogo atingiu o 10\u00ba andar da unidade de sa\u00fade. Os nomes das v\u00edtimas n\u00e3o haviam sido divulgados at\u00e9 a manh\u00e3 desta ter\u00e7a-feira. De acordo com a assessoria de imprensa da Santa Casa, os mortos n\u00e3o &hellip;<\/p>\n","protected":false},"author":2,"featured_media":43442,"comment_status":"open","ping_status":"open","sticky":false,"template":"","format":"standard","meta":{"om_disable_all_campaigns":false,"_monsterinsights_skip_tracking":false,"_monsterinsights_sitenote_active":false,"_monsterinsights_sitenote_note":"","_monsterinsights_sitenote_category":0,"footnotes":""},"categories":[34,70,69],"tags":[2001,93,92,593,439],"class_list":["post-43441","post","type-post","status-publish","format-standard","has-post-thumbnail","hentry","category-brasil","category-destaques","category-noticias2","tag-belo-horizonte","tag-brasil","tag-hospital","tag-incendio","tag-mortes"],"aioseo_notices":[],"_links":{"self":[{"href":"https:\/\/www.portalalerta.com.br\/index.php\/wp-json\/wp\/v2\/posts\/43441","targetHints":{"allow":["GET"]}}],"collection":[{"href":"https:\/\/www.portalalerta.com.br\/index.php\/wp-json\/wp\/v2\/posts"}],"about":[{"href":"https:\/\/www.portalalerta.com.br\/index.php\/wp-json\/wp\/v2\/types\/post"}],"author":[{"embeddable":true,"href":"https:\/\/www.portalalerta.com.br\/index.php\/wp-json\/wp\/v2\/users\/2"}],"replies":[{"embeddable":true,"href":"https:\/\/www.portalalerta.com.br\/index.php\/wp-json\/wp\/v2\/comments?post=43441"}],"version-history":[{"count":1,"href":"https:\/\/www.portalalerta.com.br\/index.php\/wp-json\/wp\/v2\/posts\/43441\/revisions"}],"predecessor-version":[{"id":43443,"href":"https:\/\/www.portalalerta.com.br\/index.php\/wp-json\/wp\/v2\/posts\/43441\/revisions\/43443"}],"wp:featuredmedia":[{"embeddable":true,"href":"https:\/\/www.portalalerta.com.br\/index.php\/wp-json\/wp\/v2\/media\/43442"}],"wp:attachment":[{"href":"https:\/\/www.portalalerta.com.br\/index.php\/wp-json\/wp\/v2\/media?parent=43441"}],"wp:term":[{"taxonomy":"category","embeddable":true,"href":"https:\/\/www.portalalerta.com.br\/index.php\/wp-json\/wp\/v2\/categories?post=43441"},{"taxonomy":"post_tag","embeddable":true,"href":"https:\/\/www.portalalerta.com.br\/index.php\/wp-json\/wp\/v2\/tags?post=43441"}],"curies":[{"name":"wp","href":"https:\/\/api.w.org\/{rel}","templated":true}]}}