{"id":43447,"date":"2022-06-28T21:55:24","date_gmt":"2022-06-29T00:55:24","guid":{"rendered":"https:\/\/www.portalalerta.com.br\/?p=43447"},"modified":"2022-06-28T21:55:26","modified_gmt":"2022-06-29T00:55:26","slug":"secretaria-de-saude-de-ribeira-do-pombal-ba-mantem-mobilizacao-contra-covid-19","status":"publish","type":"post","link":"https:\/\/www.portalalerta.com.br\/index.php\/2022\/06\/28\/secretaria-de-saude-de-ribeira-do-pombal-ba-mantem-mobilizacao-contra-covid-19\/","title":{"rendered":"Secretaria de Sa\u00fade de Ribeira do Pombal-BA mant\u00e9m mobiliza\u00e7\u00e3o contra COVID-19"},"content":{"rendered":"\n<p>No per\u00edodo que antecedeu os festejos juninos a Prefeitura de Ribeira do Pombal-BA realizou a\u00e7\u00e3o de testagem para COVID-19 atrav\u00e9s de stand localizado no centro comercial da cidade. Essa faz parte da atua\u00e7\u00e3o constante da Secretaria de Sa\u00fade que tem como objetivo rastrear poss\u00edveis casos positivos de Coronav\u00edrus ainda presentes entre a popula\u00e7\u00e3o.<\/p>\n\n\n\n<!--more-->\n\n\n\n<div class=\"wp-block-image\"><figure class=\"alignleft size-full is-resized\"><img fetchpriority=\"high\" decoding=\"async\" src=\"https:\/\/www.portalalerta.com.br\/wp-content\/uploads\/2021\/04\/ELAB.jpg\" alt=\"\" class=\"wp-image-34795\" width=\"402\" height=\"321\" srcset=\"https:\/\/www.portalalerta.com.br\/wp-content\/uploads\/2021\/04\/ELAB.jpg 1000w, https:\/\/www.portalalerta.com.br\/wp-content\/uploads\/2021\/04\/ELAB-300x240.jpg 300w, https:\/\/www.portalalerta.com.br\/wp-content\/uploads\/2021\/04\/ELAB-768x614.jpg 768w, https:\/\/www.portalalerta.com.br\/wp-content\/uploads\/2021\/04\/ELAB-183x146.jpg 183w, https:\/\/www.portalalerta.com.br\/wp-content\/uploads\/2021\/04\/ELAB-50x40.jpg 50w, https:\/\/www.portalalerta.com.br\/wp-content\/uploads\/2021\/04\/ELAB-94x75.jpg 94w\" sizes=\"(max-width: 402px) 100vw, 402px\" \/><\/figure><\/div>\n\n\n\n<p>Nessa \u00faltima iniciativa entre os testes realizados foram identificados 18% de casos 12 positivos, para os quais foram iniciadas imediatamente as medidas de acompanhamento.<\/p>\n\n\n\n<p><em>Fonte: SECOM\/ Ribeira do Pombal<\/em><\/p>\n","protected":false},"excerpt":{"rendered":"<p>No per\u00edodo que antecedeu os festejos juninos a Prefeitura de Ribeira do Pombal-BA realizou a\u00e7\u00e3o de testagem para COVID-19 atrav\u00e9s de stand localizado no centro comercial da cidade. Essa faz parte da atua\u00e7\u00e3o constante da Secretaria de Sa\u00fade que tem como objetivo rastrear poss\u00edveis casos positivos de Coronav\u00edrus ainda presentes entre a popula\u00e7\u00e3o.<\/p>\n","protected":false},"author":2,"featured_media":43448,"comment_status":"open","ping_status":"open","sticky":false,"template":"","format":"standard","meta":{"om_disable_all_campaigns":false,"_monsterinsights_skip_tracking":false,"_monsterinsights_sitenote_active":false,"_monsterinsights_sitenote_note":"","_monsterinsights_sitenote_category":0,"footnotes":""},"categories":[70,69,32,3,19],"tags":[3429,3486,47,61,5173],"class_list":["post-43447","post","type-post","status-publish","format-standard","has-post-thumbnail","hentry","category-destaques","category-noticias2","category-regiao","category-ribeira-do-pombal","category-saude","tag-coronavirus","tag-covid-19","tag-ribeira-do-pombal","tag-saude","tag-testagem-em-massa"],"aioseo_notices":[],"_links":{"self":[{"href":"https:\/\/www.portalalerta.com.br\/index.php\/wp-json\/wp\/v2\/posts\/43447","targetHints":{"allow":["GET"]}}],"collection":[{"href":"https:\/\/www.portalalerta.com.br\/index.php\/wp-json\/wp\/v2\/posts"}],"about":[{"href":"https:\/\/www.portalalerta.com.br\/index.php\/wp-json\/wp\/v2\/types\/post"}],"author":[{"embeddable":true,"href":"https:\/\/www.portalalerta.com.br\/index.php\/wp-json\/wp\/v2\/users\/2"}],"replies":[{"embeddable":true,"href":"https:\/\/www.portalalerta.com.br\/index.php\/wp-json\/wp\/v2\/comments?post=43447"}],"version-history":[{"count":1,"href":"https:\/\/www.portalalerta.com.br\/index.php\/wp-json\/wp\/v2\/posts\/43447\/revisions"}],"predecessor-version":[{"id":43449,"href":"https:\/\/www.portalalerta.com.br\/index.php\/wp-json\/wp\/v2\/posts\/43447\/revisions\/43449"}],"wp:featuredmedia":[{"embeddable":true,"href":"https:\/\/www.portalalerta.com.br\/index.php\/wp-json\/wp\/v2\/media\/43448"}],"wp:attachment":[{"href":"https:\/\/www.portalalerta.com.br\/index.php\/wp-json\/wp\/v2\/media?parent=43447"}],"wp:term":[{"taxonomy":"category","embeddable":true,"href":"https:\/\/www.portalalerta.com.br\/index.php\/wp-json\/wp\/v2\/categories?post=43447"},{"taxonomy":"post_tag","embeddable":true,"href":"https:\/\/www.portalalerta.com.br\/index.php\/wp-json\/wp\/v2\/tags?post=43447"}],"curies":[{"name":"wp","href":"https:\/\/api.w.org\/{rel}","templated":true}]}}