{"id":43452,"date":"2022-06-28T22:55:55","date_gmt":"2022-06-29T01:55:55","guid":{"rendered":"https:\/\/www.portalalerta.com.br\/?p=43452"},"modified":"2022-06-28T22:55:57","modified_gmt":"2022-06-29T01:55:57","slug":"homem-e-espancado-ate-a-morte-em-tucano-ba","status":"publish","type":"post","link":"https:\/\/www.portalalerta.com.br\/index.php\/2022\/06\/28\/homem-e-espancado-ate-a-morte-em-tucano-ba\/","title":{"rendered":"Homem \u00e9 espancado at\u00e9 a morte, em Tucano-BA"},"content":{"rendered":"\n<p>Por volta das 10hs do \u00faltimo domingo (26), policiais militares da 2\u00aa CIA\/ Tucano-BA foram informados a respeito de um corpo encontrado sem os sinais vitais, com marcas de viol\u00eancia, entre os povoados Mangueira e Gravat\u00e1, no referido munic\u00edpio.<\/p>\n\n\n\n<!--more-->\n\n\n\n<p>Os policiais foram at\u00e9 o local, onde constataram a veracidade da informa\u00e7\u00e3o, onde a v\u00edtima identificada como Jairo Pereira dos Santos, 46 anos, j\u00e1 n\u00e3o apresentava sinais vitais, tendo um sangramento proveniente de um ferimento na cabe\u00e7a.<\/p>\n\n\n\n<div class=\"wp-block-image\"><figure class=\"aligncenter size-full\"><img fetchpriority=\"high\" decoding=\"async\" width=\"300\" height=\"400\" src=\"https:\/\/www.portalalerta.com.br\/wp-content\/uploads\/2022\/06\/homicidio-em-Tucano-2022.6.jpeg\" alt=\"\" class=\"wp-image-43453\" srcset=\"https:\/\/www.portalalerta.com.br\/wp-content\/uploads\/2022\/06\/homicidio-em-Tucano-2022.6.jpeg 300w, https:\/\/www.portalalerta.com.br\/wp-content\/uploads\/2022\/06\/homicidio-em-Tucano-2022.6-180x240.jpeg 180w\" sizes=\"(max-width: 300px) 100vw, 300px\" \/><figcaption>Jairo foi espancado at\u00e9 a morte na zona rural de Tucano-BA <\/figcaption><\/figure><\/div>\n\n\n\n<p>O caso foi informado ao Departamento de Pol\u00edcia T\u00e9cnica de Euclides da Cunha-BA, para a realiza\u00e7\u00e3o da per\u00edcia, bem como a remo\u00e7\u00e3o do corpo para ser autopsiado. Ainda segundo relatos, Jairo era considerado uma pessoa violenta, e era rec\u00e9m liberto do sistema carcer\u00e1rio.<\/p>\n\n\n\n<p>A autoria e a motiva\u00e7\u00e3o do crime, dever\u00e3o ser investigadas pela Pol\u00edcia Civil local.<\/p>\n\n\n\n<p><strong>2\u00ba homic\u00eddio num intervalo de pouco mais que uma semana<\/strong><\/p>\n\n\n\n<div class=\"wp-block-image\"><figure class=\"aligncenter size-full\"><img decoding=\"async\" width=\"620\" height=\"330\" src=\"https:\/\/www.portalalerta.com.br\/wp-content\/uploads\/2022\/06\/homicidio-em-Tucano-2022.5.jpg\" alt=\"\" class=\"wp-image-43454\" srcset=\"https:\/\/www.portalalerta.com.br\/wp-content\/uploads\/2022\/06\/homicidio-em-Tucano-2022.5.jpg 620w, https:\/\/www.portalalerta.com.br\/wp-content\/uploads\/2022\/06\/homicidio-em-Tucano-2022.5-451x240.jpg 451w\" sizes=\"(max-width: 620px) 100vw, 620px\" \/><\/figure><\/div>\n\n\n\n<p>Este foi o segundo crime desta natureza registrado na zona rural de Tucano-BA, num intervalo de pouco mais que uma semana.<\/p>\n\n\n\n<p>O outro caso se refere ao pecuarista Vianez Barreto G\u00f3es, 37 anos, que segundo informa\u00e7\u00f5es preliminares, teve a sua resid\u00eancia, situada no Povoado Lagoa dos Quatis, invadida por dois criminosos que o executaram \u00e0 tiros, que o alvejaram na cabe\u00e7a e no t\u00f3rax.<\/p>\n\n\n\n<p>O pecuarista foi assassinado na presen\u00e7a da pr\u00f3pria filha de apenas 02 anos de idade. Na sequ\u00eancia, os assassinos fugiram em dire\u00e7\u00e3o ao Povoado Morumbi, a bordo de uma moto Honda CG de cor preta, demais dados n\u00e3o informados.<\/p>\n\n\n\n<p><em>Reda\u00e7\u00e3o: Portal Alerta<\/em><\/p>\n\n\n\n<p><em>Com informa\u00e7\u00f5es: Gil Santos Not\u00edcias<\/em><\/p>\n","protected":false},"excerpt":{"rendered":"<p>Por volta das 10hs do \u00faltimo domingo (26), policiais militares da 2\u00aa CIA\/ Tucano-BA foram informados a respeito de um corpo encontrado sem os sinais vitais, com marcas de viol\u00eancia, entre os povoados Mangueira e Gravat\u00e1, no referido munic\u00edpio.<\/p>\n","protected":false},"author":2,"featured_media":18412,"comment_status":"open","ping_status":"open","sticky":false,"template":"","format":"standard","meta":{"om_disable_all_campaigns":false,"_monsterinsights_skip_tracking":false,"_monsterinsights_sitenote_active":false,"_monsterinsights_sitenote_note":"","_monsterinsights_sitenote_category":0,"footnotes":""},"categories":[70,69,32,22,12],"tags":[73,375,206,439,164,190,139],"class_list":["post-43452","post","type-post","status-publish","format-standard","has-post-thumbnail","hentry","category-destaques","category-noticias2","category-regiao","category-seguranca","category-tucano","tag-agressao","tag-disparos-de-arma-de-fogo","tag-homicidio","tag-mortes","tag-tiros","tag-tucano","tag-zona-rural"],"aioseo_notices":[],"_links":{"self":[{"href":"https:\/\/www.portalalerta.com.br\/index.php\/wp-json\/wp\/v2\/posts\/43452","targetHints":{"allow":["GET"]}}],"collection":[{"href":"https:\/\/www.portalalerta.com.br\/index.php\/wp-json\/wp\/v2\/posts"}],"about":[{"href":"https:\/\/www.portalalerta.com.br\/index.php\/wp-json\/wp\/v2\/types\/post"}],"author":[{"embeddable":true,"href":"https:\/\/www.portalalerta.com.br\/index.php\/wp-json\/wp\/v2\/users\/2"}],"replies":[{"embeddable":true,"href":"https:\/\/www.portalalerta.com.br\/index.php\/wp-json\/wp\/v2\/comments?post=43452"}],"version-history":[{"count":1,"href":"https:\/\/www.portalalerta.com.br\/index.php\/wp-json\/wp\/v2\/posts\/43452\/revisions"}],"predecessor-version":[{"id":43455,"href":"https:\/\/www.portalalerta.com.br\/index.php\/wp-json\/wp\/v2\/posts\/43452\/revisions\/43455"}],"wp:featuredmedia":[{"embeddable":true,"href":"https:\/\/www.portalalerta.com.br\/index.php\/wp-json\/wp\/v2\/media\/18412"}],"wp:attachment":[{"href":"https:\/\/www.portalalerta.com.br\/index.php\/wp-json\/wp\/v2\/media?parent=43452"}],"wp:term":[{"taxonomy":"category","embeddable":true,"href":"https:\/\/www.portalalerta.com.br\/index.php\/wp-json\/wp\/v2\/categories?post=43452"},{"taxonomy":"post_tag","embeddable":true,"href":"https:\/\/www.portalalerta.com.br\/index.php\/wp-json\/wp\/v2\/tags?post=43452"}],"curies":[{"name":"wp","href":"https:\/\/api.w.org\/{rel}","templated":true}]}}