{"id":43616,"date":"2022-07-11T11:01:00","date_gmt":"2022-07-11T14:01:00","guid":{"rendered":"https:\/\/www.portalalerta.com.br\/?p=43616"},"modified":"2022-07-11T01:14:50","modified_gmt":"2022-07-11T04:14:50","slug":"acm-neto-se-defende-acusacoes-e-se-diz-vitima-de-perseguicao","status":"publish","type":"post","link":"https:\/\/www.portalalerta.com.br\/index.php\/2022\/07\/11\/acm-neto-se-defende-acusacoes-e-se-diz-vitima-de-perseguicao\/","title":{"rendered":"ACM Neto se defende acusa\u00e7\u00f5es e se diz v\u00edtima de &#8220;persegui\u00e7\u00e3o&#8221;"},"content":{"rendered":"\n<p>O caldo &#8220;entornou&#8221; de vez entre dois grandes caciques da pol\u00edtica baiana neste domingo (10). O pr\u00e9-candidato a governador da Bahia,\u00a0ACM Neto (Uni\u00e3o Brasil), se defendeu das acusa\u00e7\u00f5es do presidente da C\u00e2mara Municipal de Salvador,\u00a0Geraldo J\u00fanior (MDB), e o acusou de <strong><em>&#8220;persegui\u00e7\u00e3o&#8221;<\/em><\/strong> durante a corrida eleitoral deste ano. Os dois, que j\u00e1 foram aliados no passado, se encontram em campos diametralmente opostos no pleito deste ano.<\/p>\n\n\n\n<!--more-->\n\n\n\n<p>O jornal A Tarde publicou uma reportagem informando que as contas da Prefeitura de Salvador do ano de 2017 encontram-se na\u00a0Comiss\u00e3o de Finan\u00e7as, Or\u00e7amento e Fiscaliza\u00e7\u00e3o da C\u00e2mara Municipal. O colegiado \u00e9 presidido pela vereadora\u00a0Marta Rodrigues (PT), irm\u00e3 do principal advers\u00e1rio de Neto, o tamb\u00e9m pr\u00e9-candidato do PT\u00a0Jer\u00f4nimo Rodrigues\u00a0(do qual Geraldo ocupa a vaga de vice na chapa).\u00a0 Consultada pela comiss\u00e3o, a Procuradoria Jur\u00eddica da Casa opinou pela rejei\u00e7\u00e3o das contas, o que pode tornar Neto ineleg\u00edvel por meio da Lei da Ficha Limpa.<\/p>\n\n\n\n<p>Em uma nota em tom acalorado \u00e0 imprensa, Neto afirmou que existe uma suposta <strong><em>&#8220;tentativa de criar fato pol\u00edtico em torno de suas contas, todas aprovadas pelo TCM, n\u00e3o passa de um ato desesperado e baixo&#8221;<\/em><\/strong>. <strong><em>&#8220;Eles est\u00e3o vendo que ser\u00e3o derrotados na elei\u00e7\u00e3o e est\u00e3o utilizando a C\u00e2mara para criar fact\u00f3ides e atacar os advers\u00e1rios&#8221;,<\/em><\/strong> criticou o ex-prefeito.<\/p>\n\n\n\n<p>Neto ressalta ainda no comunicado que suas <em>&#8220;contas sempre foram aprovadas pelo TCM e, inclusive, pela pr\u00f3pria C\u00e2mara Municipal, que j\u00e1 apreciou e aprovou quatro pareceres relativos a exerc\u00edcios financeiros de sua gest\u00e3o na capital baiana&#8221;<\/em>. <strong><em>&#8220;Ao inv\u00e9s de encarar a competi\u00e7\u00e3o de forma democr\u00e1tica e saud\u00e1vel, Geraldo e Marta apelam para atitudes antidemocr\u00e1ticas e utilizam a C\u00e2mara para fins eleitoreiros e t\u00e3o rasteiros&#8221;<\/em><\/strong>, emendou.<\/p>\n\n\n\n<p>Ainda segundo o herdeiro carlista, <strong><em>&#8220;o uso do Poder Legislativo para persegui-lo \u00e9 uma pr\u00e1tica de quem n\u00e3o tem nenhum apre\u00e7o pelos princ\u00edpios democr\u00e1ticos e republicanos do jogo eleitoral&#8221;<\/em><\/strong>. <strong><em>&#8220;Agora, nada disso \u00e9 mais forte do que a vontade do povo. O desespero deles \u00e9 exatamente esse, porque est\u00e3o vendo por toda a Bahia o desejo de mudan\u00e7a. Como n\u00e3o conseguem competir de forma honrosa e respeit\u00e1vel, apelam para o que h\u00e1 de pior na pol\u00edtica. Mas o povo est\u00e1 vendo e dar\u00e1 a eles a resposta nas urnas&#8221;<\/em><\/strong>, frisou, no mesmo comunicado.<\/p>\n\n\n\n<p>Mais cedo, em um evento do PT em Jacobina (BA), Geraldo rebateu os argumentos de Neto. <strong><em>\u201cEles pensam que eu vou municipalizar a elei\u00e7\u00e3o, mas fica aqui um recado registrado: eu n\u00e3o vou me curvar ao autoritarismo que \u00e9 imposto na cidade de Salvador. A C\u00e2mara Municipal da nossa cidade tem independ\u00eancia, tem autonomia. E essa \u00e9 uma das raz\u00f5es para estar aqui. Na hist\u00f3ria da vida pol\u00edtica n\u00e3o h\u00e1 espa\u00e7o para os covardes\u201d<\/em><\/strong>, esbravejou o presidente da C\u00e2mara Municipal de Salvador. A decis\u00e3o final pela aprova\u00e7\u00e3o ou rejei\u00e7\u00e3o das contas ter\u00e1 que ser dada pelo Plen\u00e1rio da C\u00e2mara.<\/p>\n\n\n\n<p><em>Fonte: Boc\u00e3o News<\/em><\/p>\n","protected":false},"excerpt":{"rendered":"<p>O caldo &#8220;entornou&#8221; de vez entre dois grandes caciques da pol\u00edtica baiana neste domingo (10). O pr\u00e9-candidato a governador da Bahia,\u00a0ACM Neto (Uni\u00e3o Brasil), se defendeu das acusa\u00e7\u00f5es do presidente da C\u00e2mara Municipal de Salvador,\u00a0Geraldo J\u00fanior (MDB), e o acusou de &#8220;persegui\u00e7\u00e3o&#8221; durante a corrida eleitoral deste ano. Os dois, que j\u00e1 foram aliados no &hellip;<\/p>\n","protected":false},"author":2,"featured_media":43617,"comment_status":"open","ping_status":"open","sticky":false,"template":"","format":"standard","meta":{"om_disable_all_campaigns":false,"_monsterinsights_skip_tracking":false,"_monsterinsights_sitenote_active":false,"_monsterinsights_sitenote_note":"","_monsterinsights_sitenote_category":0,"footnotes":""},"categories":[33,70,69,21],"tags":[99,722,54,211,2619,330],"class_list":["post-43616","post","type-post","status-publish","format-standard","has-post-thumbnail","hentry","category-bahia","category-destaques","category-noticias2","category-politica","tag-99","tag-acm-neto","tag-bahia","tag-camara-de-vereadores","tag-contas","tag-salvador"],"aioseo_notices":[],"_links":{"self":[{"href":"https:\/\/www.portalalerta.com.br\/index.php\/wp-json\/wp\/v2\/posts\/43616","targetHints":{"allow":["GET"]}}],"collection":[{"href":"https:\/\/www.portalalerta.com.br\/index.php\/wp-json\/wp\/v2\/posts"}],"about":[{"href":"https:\/\/www.portalalerta.com.br\/index.php\/wp-json\/wp\/v2\/types\/post"}],"author":[{"embeddable":true,"href":"https:\/\/www.portalalerta.com.br\/index.php\/wp-json\/wp\/v2\/users\/2"}],"replies":[{"embeddable":true,"href":"https:\/\/www.portalalerta.com.br\/index.php\/wp-json\/wp\/v2\/comments?post=43616"}],"version-history":[{"count":1,"href":"https:\/\/www.portalalerta.com.br\/index.php\/wp-json\/wp\/v2\/posts\/43616\/revisions"}],"predecessor-version":[{"id":43618,"href":"https:\/\/www.portalalerta.com.br\/index.php\/wp-json\/wp\/v2\/posts\/43616\/revisions\/43618"}],"wp:featuredmedia":[{"embeddable":true,"href":"https:\/\/www.portalalerta.com.br\/index.php\/wp-json\/wp\/v2\/media\/43617"}],"wp:attachment":[{"href":"https:\/\/www.portalalerta.com.br\/index.php\/wp-json\/wp\/v2\/media?parent=43616"}],"wp:term":[{"taxonomy":"category","embeddable":true,"href":"https:\/\/www.portalalerta.com.br\/index.php\/wp-json\/wp\/v2\/categories?post=43616"},{"taxonomy":"post_tag","embeddable":true,"href":"https:\/\/www.portalalerta.com.br\/index.php\/wp-json\/wp\/v2\/tags?post=43616"}],"curies":[{"name":"wp","href":"https:\/\/api.w.org\/{rel}","templated":true}]}}