{"id":43619,"date":"2022-07-11T11:02:00","date_gmt":"2022-07-11T14:02:00","guid":{"rendered":"https:\/\/www.portalalerta.com.br\/?p=43619"},"modified":"2022-07-11T01:25:42","modified_gmt":"2022-07-11T04:25:42","slug":"pombalense-fabio-gama-assina-com-clube-do-bahrein","status":"publish","type":"post","link":"https:\/\/www.portalalerta.com.br\/index.php\/2022\/07\/11\/pombalense-fabio-gama-assina-com-clube-do-bahrein\/","title":{"rendered":"Pombalense, F\u00e1bio Gama assina com clube do Bahrein"},"content":{"rendered":"\n<p>Revelado pelo Bahia, o meia F\u00e1bio Gama, de 29 anos, \u00e9 o novo refor\u00e7o do Muharraq Club, principal clube do Bahrein. A equipe pertence \u00e0 fam\u00edlia real do pa\u00eds. A dura\u00e7\u00e3o do contrato n\u00e3o foi revelada.<\/p>\n\n\n\n<!--more-->\n\n\n\n<div class=\"wp-block-image\"><figure class=\"alignleft size-full is-resized\"><img fetchpriority=\"high\" decoding=\"async\" src=\"https:\/\/www.portalalerta.com.br\/wp-content\/uploads\/2021\/04\/ELAB.jpg\" alt=\"\" class=\"wp-image-34795\" width=\"377\" height=\"301\" srcset=\"https:\/\/www.portalalerta.com.br\/wp-content\/uploads\/2021\/04\/ELAB.jpg 1000w, https:\/\/www.portalalerta.com.br\/wp-content\/uploads\/2021\/04\/ELAB-300x240.jpg 300w, https:\/\/www.portalalerta.com.br\/wp-content\/uploads\/2021\/04\/ELAB-768x614.jpg 768w, https:\/\/www.portalalerta.com.br\/wp-content\/uploads\/2021\/04\/ELAB-183x146.jpg 183w, https:\/\/www.portalalerta.com.br\/wp-content\/uploads\/2021\/04\/ELAB-50x40.jpg 50w, https:\/\/www.portalalerta.com.br\/wp-content\/uploads\/2021\/04\/ELAB-94x75.jpg 94w\" sizes=\"(max-width: 377px) 100vw, 377px\" \/><\/figure><\/div>\n\n\n\n<p>O Pombalense estava no Asante Koto, do Gana, desde 2020, onde marcou cinco gols em 48 jogos. Al\u00e9m de atuar no futebol africano, o jogador tamb\u00e9m passou pela Europa, onde jogou na Su\u00e9cia, em dois clubes: Jonkopings S\u00f6dra e IFK Varnamo.<\/p>\n\n\n\n<p>No Brasil, F\u00e1bio passou por Botafogo-SP, Atl\u00e9tico de Alagoinhas, Gama, Campinense, Itabaiana, entre outros.<\/p>\n\n\n\n<p>Enquanto defendeu o Bahia, F\u00e1bio participou de t\u00edtulos estaduais nas categorias de base e tamb\u00e9m da campanha do vice-campeonato da Copa S\u00e3o Paulo de Futebol J\u00fanior em 2011. Ele rescindiu com o Tricolor em 2013.<\/p>\n\n\n\n<p><em>Fonte: Bahia Not\u00edcias<\/em><\/p>\n","protected":false},"excerpt":{"rendered":"<p>Revelado pelo Bahia, o meia F\u00e1bio Gama, de 29 anos, \u00e9 o novo refor\u00e7o do Muharraq Club, principal clube do Bahrein. A equipe pertence \u00e0 fam\u00edlia real do pa\u00eds. A dura\u00e7\u00e3o do contrato n\u00e3o foi revelada.<\/p>\n","protected":false},"author":2,"featured_media":43620,"comment_status":"open","ping_status":"open","sticky":false,"template":"","format":"standard","meta":{"om_disable_all_campaigns":false,"_monsterinsights_skip_tracking":false,"_monsterinsights_sitenote_active":false,"_monsterinsights_sitenote_note":"","_monsterinsights_sitenote_category":0,"footnotes":""},"categories":[70,2,35,69,32,3],"tags":[5504,96,4143,97,47],"class_list":["post-43619","post","type-post","status-publish","format-standard","has-post-thumbnail","hentry","category-destaques","category-esportes","category-mundo","category-noticias2","category-regiao","category-ribeira-do-pombal","tag-bahrein","tag-esporte","tag-fabio-gama","tag-futebol","tag-ribeira-do-pombal"],"aioseo_notices":[],"_links":{"self":[{"href":"https:\/\/www.portalalerta.com.br\/index.php\/wp-json\/wp\/v2\/posts\/43619","targetHints":{"allow":["GET"]}}],"collection":[{"href":"https:\/\/www.portalalerta.com.br\/index.php\/wp-json\/wp\/v2\/posts"}],"about":[{"href":"https:\/\/www.portalalerta.com.br\/index.php\/wp-json\/wp\/v2\/types\/post"}],"author":[{"embeddable":true,"href":"https:\/\/www.portalalerta.com.br\/index.php\/wp-json\/wp\/v2\/users\/2"}],"replies":[{"embeddable":true,"href":"https:\/\/www.portalalerta.com.br\/index.php\/wp-json\/wp\/v2\/comments?post=43619"}],"version-history":[{"count":1,"href":"https:\/\/www.portalalerta.com.br\/index.php\/wp-json\/wp\/v2\/posts\/43619\/revisions"}],"predecessor-version":[{"id":43621,"href":"https:\/\/www.portalalerta.com.br\/index.php\/wp-json\/wp\/v2\/posts\/43619\/revisions\/43621"}],"wp:featuredmedia":[{"embeddable":true,"href":"https:\/\/www.portalalerta.com.br\/index.php\/wp-json\/wp\/v2\/media\/43620"}],"wp:attachment":[{"href":"https:\/\/www.portalalerta.com.br\/index.php\/wp-json\/wp\/v2\/media?parent=43619"}],"wp:term":[{"taxonomy":"category","embeddable":true,"href":"https:\/\/www.portalalerta.com.br\/index.php\/wp-json\/wp\/v2\/categories?post=43619"},{"taxonomy":"post_tag","embeddable":true,"href":"https:\/\/www.portalalerta.com.br\/index.php\/wp-json\/wp\/v2\/tags?post=43619"}],"curies":[{"name":"wp","href":"https:\/\/api.w.org\/{rel}","templated":true}]}}