{"id":43622,"date":"2022-07-11T11:03:00","date_gmt":"2022-07-11T14:03:00","guid":{"rendered":"https:\/\/www.portalalerta.com.br\/?p=43622"},"modified":"2022-07-11T01:34:21","modified_gmt":"2022-07-11T04:34:21","slug":"bolsonaro-se-pronuncia-apos-morte-de-marcelo-arruda","status":"publish","type":"post","link":"https:\/\/www.portalalerta.com.br\/index.php\/2022\/07\/11\/bolsonaro-se-pronuncia-apos-morte-de-marcelo-arruda\/","title":{"rendered":"Bolsonaro se pronuncia ap\u00f3s morte de Marcelo Arruda"},"content":{"rendered":"\n<p>Fala do presidente sobre a morte de Marcelo Arruda aconteceu em suas redes sociais<\/p>\n\n\n\n<!--more-->\n\n\n\n<p>O presidente Jair Bolsonaro (PL)\u00a0se pronunciou pela primeira vez em suas redes sociais ap\u00f3s o\u00a0assassinato do guarda civil petista Marcelo Arruda, ocorrido na madrugada deste domingo (10) em Foz do Igua\u00e7u, no Paran\u00e1.<\/p>\n\n\n\n<p>Em suas redes sociais, ele afirmou dispensar <strong><em>\u201cqualquer tipo de apoio de quem pratica viol\u00eancia contra opositores\u201d<\/em><\/strong> e atacou a esquerda.<\/p>\n\n\n\n<div class=\"wp-block-image\"><figure class=\"aligncenter size-full\"><img fetchpriority=\"high\" decoding=\"async\" width=\"720\" height=\"181\" src=\"https:\/\/www.portalalerta.com.br\/wp-content\/uploads\/2018\/02\/Auto-Escola-Nobre.jpg\" alt=\"\" class=\"wp-image-4869\" srcset=\"https:\/\/www.portalalerta.com.br\/wp-content\/uploads\/2018\/02\/Auto-Escola-Nobre.jpg 720w, https:\/\/www.portalalerta.com.br\/wp-content\/uploads\/2018\/02\/Auto-Escola-Nobre-260x65.jpg 260w, https:\/\/www.portalalerta.com.br\/wp-content\/uploads\/2018\/02\/Auto-Escola-Nobre-50x13.jpg 50w, https:\/\/www.portalalerta.com.br\/wp-content\/uploads\/2018\/02\/Auto-Escola-Nobre-150x38.jpg 150w\" sizes=\"(max-width: 720px) 100vw, 720px\" \/><\/figure><\/div>\n\n\n\n<p><strong><em>\u201cA esse tipo de gente, pe\u00e7o que por coer\u00eancia mude de lado e apoie a esquerda, que acumula um hist\u00f3rico ineg\u00e1vel de epis\u00f3dios violentos\u201d,<\/em><\/strong> disse.<\/p>\n\n\n\n<p>Bolsonaro relembrou o epis\u00f3dio em que foi alvo de ataque a faca em setembro de 2018, semanas antes do primeiro turno eleitoral. <strong><em>\u201c\u00c9 o lado de l\u00e1 que d\u00e1 facada, que cospe, que destr\u00f3i patrim\u00f4nio, que solta roj\u00e3o em cinegrafista, que protege terroristas internacionais, que desumaniza pessoas com r\u00f3tulos e pede fogo nelas, que invade fazendas e mata animais, que empurra um senhor num caminh\u00e3o em movimento\u201d,<\/em><\/strong> continuou.<\/p>\n\n\n\n<p>&#8211; <strong><em>Que as autoridades apurem seriamente o ocorrido e tomem todas as provid\u00eancias cab\u00edveis, assim como contra caluniadores que agem como urubus para tentar nos prejudicar 24 horas por dia<\/em><\/strong>.<\/p>\n\n\n\n<p><em>Fonte: Boc\u00e3o News<\/em><\/p>\n","protected":false},"excerpt":{"rendered":"<p>Fala do presidente sobre a morte de Marcelo Arruda aconteceu em suas redes sociais<\/p>\n","protected":false},"author":2,"featured_media":43623,"comment_status":"open","ping_status":"open","sticky":false,"template":"","format":"standard","meta":{"om_disable_all_campaigns":false,"_monsterinsights_skip_tracking":false,"_monsterinsights_sitenote_active":false,"_monsterinsights_sitenote_note":"","_monsterinsights_sitenote_category":0,"footnotes":""},"categories":[34,70,69,21,22],"tags":[93,5501,206,1395,1152],"class_list":["post-43622","post","type-post","status-publish","format-standard","has-post-thumbnail","hentry","category-brasil","category-destaques","category-noticias2","category-politica","category-seguranca","tag-brasil","tag-foz-do-iguacu","tag-homicidio","tag-jair-bolsonaro","tag-presidente-da-republica"],"aioseo_notices":[],"_links":{"self":[{"href":"https:\/\/www.portalalerta.com.br\/index.php\/wp-json\/wp\/v2\/posts\/43622","targetHints":{"allow":["GET"]}}],"collection":[{"href":"https:\/\/www.portalalerta.com.br\/index.php\/wp-json\/wp\/v2\/posts"}],"about":[{"href":"https:\/\/www.portalalerta.com.br\/index.php\/wp-json\/wp\/v2\/types\/post"}],"author":[{"embeddable":true,"href":"https:\/\/www.portalalerta.com.br\/index.php\/wp-json\/wp\/v2\/users\/2"}],"replies":[{"embeddable":true,"href":"https:\/\/www.portalalerta.com.br\/index.php\/wp-json\/wp\/v2\/comments?post=43622"}],"version-history":[{"count":1,"href":"https:\/\/www.portalalerta.com.br\/index.php\/wp-json\/wp\/v2\/posts\/43622\/revisions"}],"predecessor-version":[{"id":43624,"href":"https:\/\/www.portalalerta.com.br\/index.php\/wp-json\/wp\/v2\/posts\/43622\/revisions\/43624"}],"wp:featuredmedia":[{"embeddable":true,"href":"https:\/\/www.portalalerta.com.br\/index.php\/wp-json\/wp\/v2\/media\/43623"}],"wp:attachment":[{"href":"https:\/\/www.portalalerta.com.br\/index.php\/wp-json\/wp\/v2\/media?parent=43622"}],"wp:term":[{"taxonomy":"category","embeddable":true,"href":"https:\/\/www.portalalerta.com.br\/index.php\/wp-json\/wp\/v2\/categories?post=43622"},{"taxonomy":"post_tag","embeddable":true,"href":"https:\/\/www.portalalerta.com.br\/index.php\/wp-json\/wp\/v2\/tags?post=43622"}],"curies":[{"name":"wp","href":"https:\/\/api.w.org\/{rel}","templated":true}]}}