{"id":43625,"date":"2022-07-11T18:00:00","date_gmt":"2022-07-11T21:00:00","guid":{"rendered":"https:\/\/www.portalalerta.com.br\/?p=43625"},"modified":"2022-07-11T01:39:32","modified_gmt":"2022-07-11T04:39:32","slug":"pf-amplia-seguranca-de-lula-para-as-eleicoes","status":"publish","type":"post","link":"https:\/\/www.portalalerta.com.br\/index.php\/2022\/07\/11\/pf-amplia-seguranca-de-lula-para-as-eleicoes\/","title":{"rendered":"PF amplia seguran\u00e7a de Lula para as elei\u00e7\u00f5es"},"content":{"rendered":"\n<p>Ideia da PF \u00e9 iniciar a prote\u00e7\u00e3o do ex-presidente de forma gradativa a partir do dia 21, quando o PT realiza a conven\u00e7\u00e3o para oficializar seu nome como candidato<\/p>\n\n\n\n<!--more-->\n\n\n\n<div class=\"wp-block-image\"><figure class=\"alignleft size-full is-resized\"><img fetchpriority=\"high\" decoding=\"async\" src=\"https:\/\/www.portalalerta.com.br\/wp-content\/uploads\/2022\/03\/Cred-Real.1.jpg\" alt=\"\" class=\"wp-image-41523\" width=\"374\" height=\"299\" srcset=\"https:\/\/www.portalalerta.com.br\/wp-content\/uploads\/2022\/03\/Cred-Real.1.jpg 500w, https:\/\/www.portalalerta.com.br\/wp-content\/uploads\/2022\/03\/Cred-Real.1-300x240.jpg 300w, https:\/\/www.portalalerta.com.br\/wp-content\/uploads\/2022\/03\/Cred-Real.1-183x146.jpg 183w, https:\/\/www.portalalerta.com.br\/wp-content\/uploads\/2022\/03\/Cred-Real.1-50x40.jpg 50w, https:\/\/www.portalalerta.com.br\/wp-content\/uploads\/2022\/03\/Cred-Real.1-94x75.jpg 94w\" sizes=\"(max-width: 374px) 100vw, 374px\" \/><\/figure><\/div>\n\n\n\n<p>A Pol\u00edcia Federal decidiu antecipar e refor\u00e7ar o aparato de seguran\u00e7a do ex-presidente Luiz In\u00e1cio Lula da Silva (PT), principal advers\u00e1rio do presidente Jair Bolsonaro (PL) nas elei\u00e7\u00f5es de outubro.<br>&nbsp;<br>Epis\u00f3dios como o da \u00faltima quinta-feira (7), quando uma bomba caseira foi lan\u00e7ada antes da chegada do petista a ato de pr\u00e9-campanha no Rio de Janeiro, consolidaram a avalia\u00e7\u00e3o de que os candidatos est\u00e3o sujeitos a risco mais elevado nestas elei\u00e7\u00f5es do que em anteriores.&nbsp;<\/p>\n\n\n\n<p>A ideia da PF \u00e9 iniciar a prote\u00e7\u00e3o do ex-presidente de forma gradativa a partir do dia 21, quando o PT realiza a conven\u00e7\u00e3o para oficializar seu nome como candidato. No final de m\u00eas, o petista passaria a contar com a estrutura completa.<\/p>\n\n\n\n<p><em>Fonte: Metro1<\/em><\/p>\n","protected":false},"excerpt":{"rendered":"<p>Ideia da PF \u00e9 iniciar a prote\u00e7\u00e3o do ex-presidente de forma gradativa a partir do dia 21, quando o PT realiza a conven\u00e7\u00e3o para oficializar seu nome como candidato<\/p>\n","protected":false},"author":2,"featured_media":32169,"comment_status":"open","ping_status":"open","sticky":false,"template":"","format":"standard","meta":{"om_disable_all_campaigns":false,"_monsterinsights_skip_tracking":false,"_monsterinsights_sitenote_active":false,"_monsterinsights_sitenote_note":"","_monsterinsights_sitenote_category":0,"footnotes":""},"categories":[34,70,69,21,22],"tags":[93,303,173,199,397],"class_list":["post-43625","post","type-post","status-publish","format-standard","has-post-thumbnail","hentry","category-brasil","category-destaques","category-noticias2","category-politica","category-seguranca","tag-brasil","tag-lula","tag-policia-federal","tag-politica","tag-seguranca"],"aioseo_notices":[],"_links":{"self":[{"href":"https:\/\/www.portalalerta.com.br\/index.php\/wp-json\/wp\/v2\/posts\/43625","targetHints":{"allow":["GET"]}}],"collection":[{"href":"https:\/\/www.portalalerta.com.br\/index.php\/wp-json\/wp\/v2\/posts"}],"about":[{"href":"https:\/\/www.portalalerta.com.br\/index.php\/wp-json\/wp\/v2\/types\/post"}],"author":[{"embeddable":true,"href":"https:\/\/www.portalalerta.com.br\/index.php\/wp-json\/wp\/v2\/users\/2"}],"replies":[{"embeddable":true,"href":"https:\/\/www.portalalerta.com.br\/index.php\/wp-json\/wp\/v2\/comments?post=43625"}],"version-history":[{"count":1,"href":"https:\/\/www.portalalerta.com.br\/index.php\/wp-json\/wp\/v2\/posts\/43625\/revisions"}],"predecessor-version":[{"id":43626,"href":"https:\/\/www.portalalerta.com.br\/index.php\/wp-json\/wp\/v2\/posts\/43625\/revisions\/43626"}],"wp:featuredmedia":[{"embeddable":true,"href":"https:\/\/www.portalalerta.com.br\/index.php\/wp-json\/wp\/v2\/media\/32169"}],"wp:attachment":[{"href":"https:\/\/www.portalalerta.com.br\/index.php\/wp-json\/wp\/v2\/media?parent=43625"}],"wp:term":[{"taxonomy":"category","embeddable":true,"href":"https:\/\/www.portalalerta.com.br\/index.php\/wp-json\/wp\/v2\/categories?post=43625"},{"taxonomy":"post_tag","embeddable":true,"href":"https:\/\/www.portalalerta.com.br\/index.php\/wp-json\/wp\/v2\/tags?post=43625"}],"curies":[{"name":"wp","href":"https:\/\/api.w.org\/{rel}","templated":true}]}}