{"id":43627,"date":"2022-07-11T18:01:00","date_gmt":"2022-07-11T21:01:00","guid":{"rendered":"https:\/\/www.portalalerta.com.br\/?p=43627"},"modified":"2022-07-11T16:10:03","modified_gmt":"2022-07-11T19:10:03","slug":"forro-do-padre-e-cancelado-em-ribeira-do-pombal-ba","status":"publish","type":"post","link":"https:\/\/www.portalalerta.com.br\/index.php\/2022\/07\/11\/forro-do-padre-e-cancelado-em-ribeira-do-pombal-ba\/","title":{"rendered":"Forr\u00f3 do Padre \u00e9 cancelado em Ribeira do Pombal-BA"},"content":{"rendered":"\n<p>Com o pedido do Minist\u00e9rio P\u00fablico e aceito pela Ju\u00edza da Vara C\u00edvel, todos os eventos festivos p\u00fablicos e privados est\u00e3o cancelados no munic\u00edpio de Ribeira do Pombal-BA.<\/p>\n\n\n\n<!--more-->\n\n\n\n<p>Em nota, a Par\u00f3quia de Santa Tereza, anunciou o cancelamento do V Forr\u00f3 do Padre, que tinha previs\u00e3o para acontecer no s\u00e1bado (23): <strong><em>&#8220;Ap\u00f3s consultar o Conselho Paroquial, o Padre Rosilvado Gama Wanderley, Padre da Par\u00f3quia Santa Teresa D \u00c1vila em Ribeira do Pombal, toma a decis\u00e3o, por prud\u00eancia contra a COVID-19, pelo cancelamento do Forr\u00f3 do Padre&#8221;<\/em><\/strong><\/p>\n\n\n\n<p><em>Fonte: Joilson Costa<\/em><\/p>\n","protected":false},"excerpt":{"rendered":"<p>Com o pedido do Minist\u00e9rio P\u00fablico e aceito pela Ju\u00edza da Vara C\u00edvel, todos os eventos festivos p\u00fablicos e privados est\u00e3o cancelados no munic\u00edpio de Ribeira do Pombal-BA.<\/p>\n","protected":false},"author":2,"featured_media":43628,"comment_status":"open","ping_status":"open","sticky":false,"template":"","format":"standard","meta":{"om_disable_all_campaigns":false,"_monsterinsights_skip_tracking":false,"_monsterinsights_sitenote_active":false,"_monsterinsights_sitenote_note":"","_monsterinsights_sitenote_category":0,"footnotes":""},"categories":[70,36,69,32,3,19],"tags":[5505,47,61],"class_list":["post-43627","post","type-post","status-publish","format-standard","has-post-thumbnail","hentry","category-destaques","category-lazer","category-noticias2","category-regiao","category-ribeira-do-pombal","category-saude","tag-forro-do-padre","tag-ribeira-do-pombal","tag-saude"],"aioseo_notices":[],"_links":{"self":[{"href":"https:\/\/www.portalalerta.com.br\/index.php\/wp-json\/wp\/v2\/posts\/43627","targetHints":{"allow":["GET"]}}],"collection":[{"href":"https:\/\/www.portalalerta.com.br\/index.php\/wp-json\/wp\/v2\/posts"}],"about":[{"href":"https:\/\/www.portalalerta.com.br\/index.php\/wp-json\/wp\/v2\/types\/post"}],"author":[{"embeddable":true,"href":"https:\/\/www.portalalerta.com.br\/index.php\/wp-json\/wp\/v2\/users\/2"}],"replies":[{"embeddable":true,"href":"https:\/\/www.portalalerta.com.br\/index.php\/wp-json\/wp\/v2\/comments?post=43627"}],"version-history":[{"count":2,"href":"https:\/\/www.portalalerta.com.br\/index.php\/wp-json\/wp\/v2\/posts\/43627\/revisions"}],"predecessor-version":[{"id":43633,"href":"https:\/\/www.portalalerta.com.br\/index.php\/wp-json\/wp\/v2\/posts\/43627\/revisions\/43633"}],"wp:featuredmedia":[{"embeddable":true,"href":"https:\/\/www.portalalerta.com.br\/index.php\/wp-json\/wp\/v2\/media\/43628"}],"wp:attachment":[{"href":"https:\/\/www.portalalerta.com.br\/index.php\/wp-json\/wp\/v2\/media?parent=43627"}],"wp:term":[{"taxonomy":"category","embeddable":true,"href":"https:\/\/www.portalalerta.com.br\/index.php\/wp-json\/wp\/v2\/categories?post=43627"},{"taxonomy":"post_tag","embeddable":true,"href":"https:\/\/www.portalalerta.com.br\/index.php\/wp-json\/wp\/v2\/tags?post=43627"}],"curies":[{"name":"wp","href":"https:\/\/api.w.org\/{rel}","templated":true}]}}