{"id":43630,"date":"2022-07-11T18:02:00","date_gmt":"2022-07-11T21:02:00","guid":{"rendered":"https:\/\/www.portalalerta.com.br\/?p=43630"},"modified":"2022-07-11T02:00:39","modified_gmt":"2022-07-11T05:00:39","slug":"secretaria-de-saude-de-sergipe-abre-processo-seletivo-para-varios-cargos","status":"publish","type":"post","link":"https:\/\/www.portalalerta.com.br\/index.php\/2022\/07\/11\/secretaria-de-saude-de-sergipe-abre-processo-seletivo-para-varios-cargos\/","title":{"rendered":"Secretaria de Sa\u00fade de Sergipe abre processo seletivo para v\u00e1rios cargos"},"content":{"rendered":"\n<p>O Governo do estado de Sergipe, por meio da&nbsp;<a href=\"https:\/\/www.saude.se.gov.br\/\" target=\"_blank\" rel=\"noreferrer noopener\">Secretaria do estado de Sa\u00fade (SES \u2013 SE)<\/a>&nbsp;anunciou a abertura de inscri\u00e7\u00f5es para um novo Processo Seletivo, que tem como objetivo preencher 74 vagas, por tempo determinado, com profissionais em n\u00edveis m\u00e9dio e superior.<\/p>\n\n\n\n<!--more-->\n\n\n\n<p>Segundo o edital, h\u00e1 oportunidade para os cargos de: T\u00e9cnico em Enfermagem (36); T\u00e9cnico em Farm\u00e1cia (6); T\u00e9cnico em Radiologia (7); Assistente Social (1); Enfermeiro Generalista (13); Enfermeiro Obst\u00e9trico (6); Farmac\u00eautico (2); Nutricionista (2); Psic\u00f3logo (1).<\/p>\n\n\n\n<p>Caso contratados, os profissionais dever\u00e3o exercer suas atividades em jornadas de 24 a 40 horas semanais, referente a remunera\u00e7\u00e3o no valor que varia de R$1.756,12 a R$3.369, 38.<\/p>\n\n\n\n<p><strong><em><u>Para participar<\/u><\/em><\/strong><\/p>\n\n\n\n<div class=\"wp-block-image\"><figure class=\"alignleft size-full is-resized\"><img fetchpriority=\"high\" decoding=\"async\" src=\"https:\/\/www.portalalerta.com.br\/wp-content\/uploads\/2021\/04\/ELAB.jpg\" alt=\"\" class=\"wp-image-34795\" width=\"413\" height=\"330\" srcset=\"https:\/\/www.portalalerta.com.br\/wp-content\/uploads\/2021\/04\/ELAB.jpg 1000w, https:\/\/www.portalalerta.com.br\/wp-content\/uploads\/2021\/04\/ELAB-300x240.jpg 300w, https:\/\/www.portalalerta.com.br\/wp-content\/uploads\/2021\/04\/ELAB-768x614.jpg 768w, https:\/\/www.portalalerta.com.br\/wp-content\/uploads\/2021\/04\/ELAB-183x146.jpg 183w, https:\/\/www.portalalerta.com.br\/wp-content\/uploads\/2021\/04\/ELAB-50x40.jpg 50w, https:\/\/www.portalalerta.com.br\/wp-content\/uploads\/2021\/04\/ELAB-94x75.jpg 94w\" sizes=\"(max-width: 413px) 100vw, 413px\" \/><\/figure><\/div>\n\n\n\n<p>Os interessados podem se inscrever exclusivamente pela internet, no per\u00edodo de 8 de julho de 2022 at\u00e9 \u00e0s 23h59 do dia 12 de julho do mesmo ano, no site da&nbsp;<a href=\"https:\/\/www.saude.se.gov.br\/\" target=\"_blank\" rel=\"noreferrer noopener\">SES \u2013 SE<\/a>.<\/p>\n\n\n\n<p>Como forma de classifica\u00e7\u00e3o, os concorrentes ser\u00e3o avaliados por an\u00e1lise de t\u00edtulos e experi\u00eancia profissional, que levar\u00e1 em conta os crit\u00e9rios de pontua\u00e7\u00e3o descritos no edital.<\/p>\n\n\n\n<p>O contrato ter\u00e1 validade de um ano, podendo ser prorrogado, uma \u00fanica vez, por igual per\u00edodo.<\/p>\n\n\n\n<p><strong><em><u>Validade<\/u><\/em><\/strong><\/p>\n\n\n\n<p>O Processo Seletivo P\u00fablico ter\u00e1 validade de um ano contando da data da homologa\u00e7\u00e3o do certame, no Di\u00e1rio Oficial do Estado, podendo ser prorrogado uma \u00fanica vez por igual per\u00edodo.<\/p>\n\n\n\n<p><em>Fonte: Sim\u00e3o Dias Como eu Vejo<\/em><\/p>\n\n\n\n<p><em>Com informa\u00e7\u00f5es: PCI Concursos<\/em><\/p>\n","protected":false},"excerpt":{"rendered":"<p>O Governo do estado de Sergipe, por meio da&nbsp;Secretaria do estado de Sa\u00fade (SES \u2013 SE)&nbsp;anunciou a abertura de inscri\u00e7\u00f5es para um novo Processo Seletivo, que tem como objetivo preencher 74 vagas, por tempo determinado, com profissionais em n\u00edveis m\u00e9dio e superior.<\/p>\n","protected":false},"author":2,"featured_media":43631,"comment_status":"open","ping_status":"open","sticky":false,"template":"","format":"standard","meta":{"om_disable_all_campaigns":false,"_monsterinsights_skip_tracking":false,"_monsterinsights_sitenote_active":false,"_monsterinsights_sitenote_note":"","_monsterinsights_sitenote_category":0,"footnotes":""},"categories":[34,70,69,19],"tags":[93,511,61,114],"class_list":["post-43630","post","type-post","status-publish","format-standard","has-post-thumbnail","hentry","category-brasil","category-destaques","category-noticias2","category-saude","tag-brasil","tag-processo-seletivo","tag-saude","tag-sergipe"],"aioseo_notices":[],"_links":{"self":[{"href":"https:\/\/www.portalalerta.com.br\/index.php\/wp-json\/wp\/v2\/posts\/43630","targetHints":{"allow":["GET"]}}],"collection":[{"href":"https:\/\/www.portalalerta.com.br\/index.php\/wp-json\/wp\/v2\/posts"}],"about":[{"href":"https:\/\/www.portalalerta.com.br\/index.php\/wp-json\/wp\/v2\/types\/post"}],"author":[{"embeddable":true,"href":"https:\/\/www.portalalerta.com.br\/index.php\/wp-json\/wp\/v2\/users\/2"}],"replies":[{"embeddable":true,"href":"https:\/\/www.portalalerta.com.br\/index.php\/wp-json\/wp\/v2\/comments?post=43630"}],"version-history":[{"count":1,"href":"https:\/\/www.portalalerta.com.br\/index.php\/wp-json\/wp\/v2\/posts\/43630\/revisions"}],"predecessor-version":[{"id":43632,"href":"https:\/\/www.portalalerta.com.br\/index.php\/wp-json\/wp\/v2\/posts\/43630\/revisions\/43632"}],"wp:featuredmedia":[{"embeddable":true,"href":"https:\/\/www.portalalerta.com.br\/index.php\/wp-json\/wp\/v2\/media\/43631"}],"wp:attachment":[{"href":"https:\/\/www.portalalerta.com.br\/index.php\/wp-json\/wp\/v2\/media?parent=43630"}],"wp:term":[{"taxonomy":"category","embeddable":true,"href":"https:\/\/www.portalalerta.com.br\/index.php\/wp-json\/wp\/v2\/categories?post=43630"},{"taxonomy":"post_tag","embeddable":true,"href":"https:\/\/www.portalalerta.com.br\/index.php\/wp-json\/wp\/v2\/tags?post=43630"}],"curies":[{"name":"wp","href":"https:\/\/api.w.org\/{rel}","templated":true}]}}