{"id":43634,"date":"2022-07-11T21:12:46","date_gmt":"2022-07-12T00:12:46","guid":{"rendered":"https:\/\/www.portalalerta.com.br\/?p=43634"},"modified":"2022-07-11T21:12:48","modified_gmt":"2022-07-12T00:12:48","slug":"condenado-por-crime-cometido-em-sao-paulo-pombalense-e-capturado-durante-arraia-do-pomba","status":"publish","type":"post","link":"https:\/\/www.portalalerta.com.br\/index.php\/2022\/07\/11\/condenado-por-crime-cometido-em-sao-paulo-pombalense-e-capturado-durante-arraia-do-pomba\/","title":{"rendered":"Condenado por crime cometido em S\u00e3o Paulo, pombalense \u00e9 capturado durante Arrai\u00e1 do Pomb\u00e1"},"content":{"rendered":"\n<p>Por volta das 01:30hs desta segunda-feira (11), Guardas Civis Municipais de Ribeira do Pombal-BA que estavam trabalhando durante o evento festivo \u201cArrai\u00e1 do Pomb\u00e1\u201d, cumpriram um mandado de pris\u00e3o, em desfavor de um homem condenado a 03 anos, 04 meses e 10 dias de pris\u00e3o.<\/p>\n\n\n\n<!--more-->\n\n\n\n<p>De acordo com informa\u00e7\u00f5es o homem identificado pelas iniciais J.B.S de J, 26 anos, foi condenado por um crime (n\u00e3o informado), cometido no munic\u00edpio de Ibitinga-SP, fato ocorrido em 2017. Em regime Semi-aberto, em pombalense n\u00e3o retornou para dormir no Sistema Prisional desde dezembro daquele ano, passando a ser considerado foragido.<\/p>\n\n\n\n<p>J\u00e1 na madrugada desta segunda-feira, o criminoso foi visto curtindo na festa Arrai\u00e1 do Pomb\u00e1, realizada no Complexo Esportivo em Ribeira do Pombal. Ao perceber que havia sido descoberto, \u201cBruninho\u201d como \u00e9 conhecido, tentou fugir entre a multid\u00e3o, por\u00e9m foi capturado e preso.<\/p>\n\n\n\n<p>Bruninho se encontra custodiado na carceragem de Ribeira do Pombal, \u00e0 disposi\u00e7\u00e3o da justi\u00e7a paulista.<\/p>\n\n\n\n<p><em>Reda\u00e7\u00e3o: Portal Alerta<\/em><\/p>\n","protected":false},"excerpt":{"rendered":"<p>Por volta das 01:30hs desta segunda-feira (11), Guardas Civis Municipais de Ribeira do Pombal-BA que estavam trabalhando durante o evento festivo \u201cArrai\u00e1 do Pomb\u00e1\u201d, cumpriram um mandado de pris\u00e3o, em desfavor de um homem condenado a 03 anos, 04 meses e 10 dias de pris\u00e3o.<\/p>\n","protected":false},"author":2,"featured_media":36659,"comment_status":"open","ping_status":"open","sticky":false,"template":"","format":"standard","meta":{"om_disable_all_campaigns":false,"_monsterinsights_skip_tracking":false,"_monsterinsights_sitenote_active":false,"_monsterinsights_sitenote_note":"","_monsterinsights_sitenote_category":0,"footnotes":""},"categories":[34,70,69,32,3,22],"tags":[313,4517,488,77,47,404],"class_list":["post-43634","post","type-post","status-publish","format-standard","has-post-thumbnail","hentry","category-brasil","category-destaques","category-noticias2","category-regiao","category-ribeira-do-pombal","category-seguranca","tag-gcm","tag-ibitinga","tag-mandado-de-prisao","tag-preso","tag-ribeira-do-pombal","tag-sao-paulo"],"aioseo_notices":[],"_links":{"self":[{"href":"https:\/\/www.portalalerta.com.br\/index.php\/wp-json\/wp\/v2\/posts\/43634","targetHints":{"allow":["GET"]}}],"collection":[{"href":"https:\/\/www.portalalerta.com.br\/index.php\/wp-json\/wp\/v2\/posts"}],"about":[{"href":"https:\/\/www.portalalerta.com.br\/index.php\/wp-json\/wp\/v2\/types\/post"}],"author":[{"embeddable":true,"href":"https:\/\/www.portalalerta.com.br\/index.php\/wp-json\/wp\/v2\/users\/2"}],"replies":[{"embeddable":true,"href":"https:\/\/www.portalalerta.com.br\/index.php\/wp-json\/wp\/v2\/comments?post=43634"}],"version-history":[{"count":1,"href":"https:\/\/www.portalalerta.com.br\/index.php\/wp-json\/wp\/v2\/posts\/43634\/revisions"}],"predecessor-version":[{"id":43635,"href":"https:\/\/www.portalalerta.com.br\/index.php\/wp-json\/wp\/v2\/posts\/43634\/revisions\/43635"}],"wp:featuredmedia":[{"embeddable":true,"href":"https:\/\/www.portalalerta.com.br\/index.php\/wp-json\/wp\/v2\/media\/36659"}],"wp:attachment":[{"href":"https:\/\/www.portalalerta.com.br\/index.php\/wp-json\/wp\/v2\/media?parent=43634"}],"wp:term":[{"taxonomy":"category","embeddable":true,"href":"https:\/\/www.portalalerta.com.br\/index.php\/wp-json\/wp\/v2\/categories?post=43634"},{"taxonomy":"post_tag","embeddable":true,"href":"https:\/\/www.portalalerta.com.br\/index.php\/wp-json\/wp\/v2\/tags?post=43634"}],"curies":[{"name":"wp","href":"https:\/\/api.w.org\/{rel}","templated":true}]}}