{"id":43636,"date":"2022-07-12T09:07:11","date_gmt":"2022-07-12T12:07:11","guid":{"rendered":"https:\/\/www.portalalerta.com.br\/?p=43636"},"modified":"2022-07-12T09:07:12","modified_gmt":"2022-07-12T12:07:12","slug":"ressaca-junina-foi-recorde-de-alegria-e-ja-deixa-expectativa-em-ribeira-do-pombal-ba","status":"publish","type":"post","link":"https:\/\/www.portalalerta.com.br\/index.php\/2022\/07\/12\/ressaca-junina-foi-recorde-de-alegria-e-ja-deixa-expectativa-em-ribeira-do-pombal-ba\/","title":{"rendered":"Ressaca Junina foi recorde de alegria e j\u00e1 deixa expectativa, em Ribeira do Pombal-BA"},"content":{"rendered":"\n<p>A maior ressaca junina do interior da Bahia, o Arrai\u00e1 do Pomb\u00e1, teve seu \u00faltimo dia marcado pelo recorde de p\u00fablico e de alegria de quem veio matar as saudades das grandes festas pombalenses. O ponto alto do terceiro dia foi o forrozeiro Dorgival Dantas que levantou a multid\u00e3o com os sucessos cantados \u00e0 capela pelo p\u00fablico e com sua simpatia que conquistou a todos.<\/p>\n\n\n\n<!--more-->\n\n\n\n<div class=\"wp-block-image\"><figure class=\"aligncenter size-full\"><img fetchpriority=\"high\" decoding=\"async\" width=\"720\" height=\"181\" src=\"https:\/\/www.portalalerta.com.br\/wp-content\/uploads\/2018\/02\/Auto-Escola-Nobre.jpg\" alt=\"\" class=\"wp-image-4869\" srcset=\"https:\/\/www.portalalerta.com.br\/wp-content\/uploads\/2018\/02\/Auto-Escola-Nobre.jpg 720w, https:\/\/www.portalalerta.com.br\/wp-content\/uploads\/2018\/02\/Auto-Escola-Nobre-260x65.jpg 260w, https:\/\/www.portalalerta.com.br\/wp-content\/uploads\/2018\/02\/Auto-Escola-Nobre-50x13.jpg 50w, https:\/\/www.portalalerta.com.br\/wp-content\/uploads\/2018\/02\/Auto-Escola-Nobre-150x38.jpg 150w\" sizes=\"(max-width: 720px) 100vw, 720px\" \/><\/figure><\/div>\n\n\n\n<p>O Arrai\u00e1 do Pomb\u00e1 foi sem d\u00favidas uma das maiores festas j\u00e1 realizadas em Ribeira do Pombal: muita gente, um clima leve, muito bem organizada, segura e serviu para trazer de volta e em grande estilo, o calend\u00e1rio de festas que estava suspenso desde o in\u00edcio da Pandemia.<\/p>\n\n\n\n<p>Com o sucesso do Arrai\u00e1 a Prefeitura aproveitou para j\u00e1 engatilhar as pr\u00f3ximas grandes realiza\u00e7\u00f5es no campo das festas populares, com o an\u00fancio das primeiras atra\u00e7\u00f5es do anivers\u00e1rio de emancipa\u00e7\u00e3o, em setembro, com Jamil, L\u00e1 F\u00faria e Edcity quando Ribeira do Pombal celebra 89 anos; e da principal data comemorativa da cidade, a grande Festa de Outubro, que vai contar com Unha Pintada, Matheus &amp; Kauan e Nando Reis, sendo que nas pr\u00f3ximas semanas as demais atra\u00e7\u00f5es ser\u00e3o informadas atrav\u00e9s das redes sociais da prefeitura. Fique ligado!<\/p>\n\n\n\n<p><em>Fonte: SECOM\/ Ribeira do Pombal<\/em><\/p>\n","protected":false},"excerpt":{"rendered":"<p>A maior ressaca junina do interior da Bahia, o Arrai\u00e1 do Pomb\u00e1, teve seu \u00faltimo dia marcado pelo recorde de p\u00fablico e de alegria de quem veio matar as saudades das grandes festas pombalenses. O ponto alto do terceiro dia foi o forrozeiro Dorgival Dantas que levantou a multid\u00e3o com os sucessos cantados \u00e0 capela &hellip;<\/p>\n","protected":false},"author":2,"featured_media":43637,"comment_status":"open","ping_status":"open","sticky":false,"template":"","format":"standard","meta":{"om_disable_all_campaigns":false,"_monsterinsights_skip_tracking":false,"_monsterinsights_sitenote_active":false,"_monsterinsights_sitenote_note":"","_monsterinsights_sitenote_category":0,"footnotes":""},"categories":[70,36,69,32,3],"tags":[1342,344,47],"class_list":["post-43636","post","type-post","status-publish","format-standard","has-post-thumbnail","hentry","category-destaques","category-lazer","category-noticias2","category-regiao","category-ribeira-do-pombal","tag-arraia-do-pomba","tag-festa","tag-ribeira-do-pombal"],"aioseo_notices":[],"_links":{"self":[{"href":"https:\/\/www.portalalerta.com.br\/index.php\/wp-json\/wp\/v2\/posts\/43636","targetHints":{"allow":["GET"]}}],"collection":[{"href":"https:\/\/www.portalalerta.com.br\/index.php\/wp-json\/wp\/v2\/posts"}],"about":[{"href":"https:\/\/www.portalalerta.com.br\/index.php\/wp-json\/wp\/v2\/types\/post"}],"author":[{"embeddable":true,"href":"https:\/\/www.portalalerta.com.br\/index.php\/wp-json\/wp\/v2\/users\/2"}],"replies":[{"embeddable":true,"href":"https:\/\/www.portalalerta.com.br\/index.php\/wp-json\/wp\/v2\/comments?post=43636"}],"version-history":[{"count":1,"href":"https:\/\/www.portalalerta.com.br\/index.php\/wp-json\/wp\/v2\/posts\/43636\/revisions"}],"predecessor-version":[{"id":43638,"href":"https:\/\/www.portalalerta.com.br\/index.php\/wp-json\/wp\/v2\/posts\/43636\/revisions\/43638"}],"wp:featuredmedia":[{"embeddable":true,"href":"https:\/\/www.portalalerta.com.br\/index.php\/wp-json\/wp\/v2\/media\/43637"}],"wp:attachment":[{"href":"https:\/\/www.portalalerta.com.br\/index.php\/wp-json\/wp\/v2\/media?parent=43636"}],"wp:term":[{"taxonomy":"category","embeddable":true,"href":"https:\/\/www.portalalerta.com.br\/index.php\/wp-json\/wp\/v2\/categories?post=43636"},{"taxonomy":"post_tag","embeddable":true,"href":"https:\/\/www.portalalerta.com.br\/index.php\/wp-json\/wp\/v2\/tags?post=43636"}],"curies":[{"name":"wp","href":"https:\/\/api.w.org\/{rel}","templated":true}]}}