{"id":43639,"date":"2022-07-12T09:19:31","date_gmt":"2022-07-12T12:19:31","guid":{"rendered":"https:\/\/www.portalalerta.com.br\/?p=43639"},"modified":"2022-07-12T09:19:33","modified_gmt":"2022-07-12T12:19:33","slug":"bahia-tem-19-mil-casos-ativos-de-covid-e-registra-11-obitos-em-24h","status":"publish","type":"post","link":"https:\/\/www.portalalerta.com.br\/index.php\/2022\/07\/12\/bahia-tem-19-mil-casos-ativos-de-covid-e-registra-11-obitos-em-24h\/","title":{"rendered":"Bahia tem 19 mil casos ativos de Covid e registra 11 \u00f3bitos em 24h"},"content":{"rendered":"\n<p>Nas \u00faltimas 24 horas, foram contabilizados 488 novos casos de coronav\u00edrus<\/p>\n\n\n\n<!--more-->\n\n\n\n<p>A Bahia est\u00e1 com 19.476 casos ativos da Covid-19, segundo o boletim epidemiol\u00f3gico divulgado nesta segunda-feira (11) pela Secretaria Estadual da Sa\u00fade (Sesab).<\/p>\n\n\n\n<div class=\"wp-block-image\"><figure class=\"alignleft size-full is-resized\"><img fetchpriority=\"high\" decoding=\"async\" src=\"https:\/\/www.portalalerta.com.br\/wp-content\/uploads\/2022\/03\/Cred-Real.1.jpg\" alt=\"\" class=\"wp-image-41523\" width=\"382\" height=\"306\" srcset=\"https:\/\/www.portalalerta.com.br\/wp-content\/uploads\/2022\/03\/Cred-Real.1.jpg 500w, https:\/\/www.portalalerta.com.br\/wp-content\/uploads\/2022\/03\/Cred-Real.1-300x240.jpg 300w, https:\/\/www.portalalerta.com.br\/wp-content\/uploads\/2022\/03\/Cred-Real.1-183x146.jpg 183w, https:\/\/www.portalalerta.com.br\/wp-content\/uploads\/2022\/03\/Cred-Real.1-50x40.jpg 50w, https:\/\/www.portalalerta.com.br\/wp-content\/uploads\/2022\/03\/Cred-Real.1-94x75.jpg 94w\" sizes=\"(max-width: 382px) 100vw, 382px\" \/><\/figure><\/div>\n\n\n\n<p>Nas \u00faltimas 24 horas, foram contabilizados 488&nbsp;novos casos de coronav\u00edrus e 11 mortes pela doen\u00e7a no estado. Desde o in\u00edcio da pandemia, 1.562.613&nbsp;casos da Covid-19 foram confirmados e 30.090&nbsp;pessoas morreram por causa da doen\u00e7a na Bahia.<\/p>\n\n\n\n<p>A taxa de ocupa\u00e7\u00e3o dos leitos de Unidade de Terapia Intensiva (UTI) adulto est\u00e1 em 66%, ou seja, 126 dos 190 dispon\u00edveis est\u00e3o ocupados.<\/p>\n\n\n\n<p><strong>Vacina\u00e7\u00e3o&nbsp;<\/strong>&#8211; At\u00e9 o momento, a Bahia contabiliza 11.626.901 pessoas vacinadas com a primeira dose, 10.721.945 com a segunda dose ou dose \u00fanica, 6.437.582 com a dose de refor\u00e7o e 952.081 com o segundo refor\u00e7o. Do p\u00fablico de 5 a 11 anos, 982.135 crian\u00e7as j\u00e1 foram imunizadas com a primeira dose e 573.958 j\u00e1 tomaram tamb\u00e9m a segunda dose.<\/p>\n\n\n\n<p><em>Fonte: Metro1<\/em><\/p>\n","protected":false},"excerpt":{"rendered":"<p>Nas \u00faltimas 24 horas, foram contabilizados 488 novos casos de coronav\u00edrus<\/p>\n","protected":false},"author":2,"featured_media":22281,"comment_status":"open","ping_status":"open","sticky":false,"template":"","format":"standard","meta":{"om_disable_all_campaigns":false,"_monsterinsights_skip_tracking":false,"_monsterinsights_sitenote_active":false,"_monsterinsights_sitenote_note":"","_monsterinsights_sitenote_category":0,"footnotes":""},"categories":[33,70,69,19],"tags":[54,4425,3486,61],"class_list":["post-43639","post","type-post","status-publish","format-standard","has-post-thumbnail","hentry","category-bahia","category-destaques","category-noticias2","category-saude","tag-bahia","tag-coronavirus-2","tag-covid-19","tag-saude"],"aioseo_notices":[],"_links":{"self":[{"href":"https:\/\/www.portalalerta.com.br\/index.php\/wp-json\/wp\/v2\/posts\/43639","targetHints":{"allow":["GET"]}}],"collection":[{"href":"https:\/\/www.portalalerta.com.br\/index.php\/wp-json\/wp\/v2\/posts"}],"about":[{"href":"https:\/\/www.portalalerta.com.br\/index.php\/wp-json\/wp\/v2\/types\/post"}],"author":[{"embeddable":true,"href":"https:\/\/www.portalalerta.com.br\/index.php\/wp-json\/wp\/v2\/users\/2"}],"replies":[{"embeddable":true,"href":"https:\/\/www.portalalerta.com.br\/index.php\/wp-json\/wp\/v2\/comments?post=43639"}],"version-history":[{"count":1,"href":"https:\/\/www.portalalerta.com.br\/index.php\/wp-json\/wp\/v2\/posts\/43639\/revisions"}],"predecessor-version":[{"id":43640,"href":"https:\/\/www.portalalerta.com.br\/index.php\/wp-json\/wp\/v2\/posts\/43639\/revisions\/43640"}],"wp:featuredmedia":[{"embeddable":true,"href":"https:\/\/www.portalalerta.com.br\/index.php\/wp-json\/wp\/v2\/media\/22281"}],"wp:attachment":[{"href":"https:\/\/www.portalalerta.com.br\/index.php\/wp-json\/wp\/v2\/media?parent=43639"}],"wp:term":[{"taxonomy":"category","embeddable":true,"href":"https:\/\/www.portalalerta.com.br\/index.php\/wp-json\/wp\/v2\/categories?post=43639"},{"taxonomy":"post_tag","embeddable":true,"href":"https:\/\/www.portalalerta.com.br\/index.php\/wp-json\/wp\/v2\/tags?post=43639"}],"curies":[{"name":"wp","href":"https:\/\/api.w.org\/{rel}","templated":true}]}}