{"id":43644,"date":"2022-07-12T11:59:08","date_gmt":"2022-07-12T14:59:08","guid":{"rendered":"https:\/\/www.portalalerta.com.br\/?p=43644"},"modified":"2022-07-12T11:59:10","modified_gmt":"2022-07-12T14:59:10","slug":"outra-mulher-se-apresenta-como-2a-vitima-de-anestesista-preso-por-estupro","status":"publish","type":"post","link":"https:\/\/www.portalalerta.com.br\/index.php\/2022\/07\/12\/outra-mulher-se-apresenta-como-2a-vitima-de-anestesista-preso-por-estupro\/","title":{"rendered":"Outra mulher se apresenta como 2\u00aa v\u00edtima de anestesista preso por estupro"},"content":{"rendered":"\n<p>Uma segunda mulher se apresentou na Delegacia de Atendimento \u00e0 Mulher de S\u00e3o Jo\u00e3o Meriti, na Baixada Fluminense, para testemunhar contra o\u00a0m\u00e9dico anestesista Giovanni Quintella Bezerra. Ele foi\u00a0preso em flagrante na madrugada desta segunda-feira (11) pelo estupro de uma paciente\u00a0que estava dopada e passava por uma ces\u00e1rea no Hospital da Mulher Heloneida Studart.<\/p>\n\n\n\n<!--more-->\n\n\n\n<p>Familiares de uma mulher de 23 anos afirmaram aos policiais que ela tamb\u00e9m foi v\u00edtima de estupro durante uma ces\u00e1rea realizada no mesmo hospital, no dia 6 de julho. Sua m\u00e3e afirma que a filha saiu totalmente dopada do procedimento e que acordou apenas no dia seguinte \u00e0 noite.<\/p>\n\n\n\n<p>Ainda segundo a m\u00e3e, a filha acordou com uma subst\u00e2ncia branca no pesco\u00e7o. Inicialmente, a fam\u00edlia achou que era resultado de algum procedimento do hospital. Quando assistiu ao notici\u00e1rio nesta segunda e viu que o m\u00e9dico havia sido preso, ela concluiu que sua filha tamb\u00e9m havia sido v\u00edtima de um estupro.<\/p>\n\n\n\n<p>Em entrevista a jornalistas, a segunda v\u00edtima disse que est\u00e1 indignada porque o m\u00e9dico teria se aproveitado de um momento vulner\u00e1vel para cometer o crime. Ela afirmou que deseja que o anestesista fique preso por muito tempo e que outras mulheres o denunciem.<\/p>\n\n\n\n<p>A fam\u00edlia j\u00e1 passava por um momento dif\u00edcil, j\u00e1 que os g\u00eameos nasceram prematuros. Um acabou morrendo e foi enterrado neste domingo (10). O outro ainda est\u00e1 na UTI neonatal.<\/p>\n\n\n\n<p>A m\u00e3e disse que Bezerra chegou a passar na sala de cirurgia ap\u00f3s a ces\u00e1rea e agiu normalmente, como se nada tivesse acontecido. O marido da paciente n\u00e3o foi autorizado a acompanhar a cirurgia.<\/p>\n\n\n\n<p>O anestesista foi preso depois que funcion\u00e1rios da unidade de sa\u00fade o filmaram colocando o p\u00eanis na boca da paciente durante a cirurgia. O caso foi revelado pela TV Globo e o conte\u00fado dos v\u00eddeos foi confirmado pela reportagem.<\/p>\n\n\n\n<p>Segundo a pol\u00edcia, desconfiadas da postura do m\u00e9dico, enfermeiras do hospital decidiram usar um aparelho de telefone celular para registrar o que ele fazia durante as cirurgias.<\/p>\n\n\n\n<p>O suspeito foi indiciado por estupro de vulner\u00e1vel, crime que tem pena de 8 a 15 anos de pris\u00e3o. Em nota, o advogado Hugo Novais, que defende o anestesista, disse que se manifestar\u00e1 sobre a acusa\u00e7\u00e3o ap\u00f3s ter acesso aos depoimentos e outros elementos de prova apresentados na audi\u00eancia de cust\u00f3dia.<\/p>\n\n\n\n<p>Nas imagens, a paciente aparece deitada na maca, inconsciente. Um len\u00e7ol estendido sobre duas barras de ferro separa os demais m\u00e9dicos, que fazem a cesariana, de Bezerra, que est\u00e1 em p\u00e9 pr\u00f3ximo \u00e0 cabe\u00e7a da mulher.<\/p>\n\n\n\n<p>Em determinado momento, ele retira o p\u00eanis de dentro da cal\u00e7a e o coloca na boca da paciente, enquanto olha para os lados seguidas vezes. A viol\u00eancia se estende por cerca de dez minutos. Ao fim, o anestesista limpa com um len\u00e7o o rosto da v\u00edtima e o pr\u00f3prio p\u00eanis.<\/p>\n\n\n\n<p><strong>Estupro, ass\u00e9dio e importuna\u00e7\u00e3o sexual: qual a diferen\u00e7a?<\/strong><\/p>\n\n\n\n<p>De acordo com o artigo 233 do C\u00f3digo Penal, o\u00a0estupro\u00a0\u00e9 qualquer atitude libidinosa que constrange algu\u00e9m mediante viol\u00eancia ou amea\u00e7a, a manter rela\u00e7\u00e3o sexual ou permitir com que se pratique outros atos correspondentes.<\/p>\n\n\n\n<p>O regulamento prev\u00ea ainda quatro modalidades diferentes do crime: estupro simples, de vulner\u00e1vel, coletivo e corretivo.<\/p>\n\n\n\n<p>A carta apresenta ainda, a pena de seis a dez anos para quem cometer o primeiro delito. Se a v\u00edtima for maior de 14 anos, mas menos de 18, a reclus\u00e3o passa a ser de 8 a 12 anos. Caso tenha menos de 14 anos, pode-se pegar de 8 a 15 anos de senten\u00e7a, e se o crime for classificado como coletivo ou corretivo, as puni\u00e7\u00f5es aumentam de um a dois ter\u00e7os da original.<\/p>\n\n\n\n<p>Apesar de muitas pessoas confundirem o estupro com ass\u00e9dio ou importuna\u00e7\u00e3o sexual, os crimes n\u00e3o s\u00e3o os mesmos. Veja abaixo as diferen\u00e7as:<\/p>\n\n\n\n<p><strong>O que \u00e9 estupro?<\/strong><\/p>\n\n\n\n<p>De acordo com o artigo 233 do C\u00f3digo Penal, o estupro \u00e9 qualquer atitutde libidinosa que constragen algu\u00e9m mediante viol\u00eancia ou amea\u00e7a, a manter rela\u00e7\u00e3o sexual ou permitir com que se pratique outros atos correspondentes.<\/p>\n\n\n\n<p>Vale ressaltar que a carta apresenta quatro modalidades do crime, sendo eles, simples, de vulner\u00e1vel, coletivo e corretivo.<\/p>\n\n\n\n<p>A pena pode variar de seis a dez anos para quem cometer o primeiro delito. Se a v\u00edtima for maior de 14 anos, mas menos de 18, a reclus\u00e3o passa a ser de 8 a 12 anos. Caso tenha menos de 14 anos, pode-se pegar de 8 a 15 anos de senten\u00e7a, e se o crime for classificado como coletivo ou corretivo, as puni\u00e7\u00f5es aumentam de um a dois ter\u00e7os da original.<\/p>\n\n\n\n<p><strong>O que \u00e9 importuna\u00e7\u00e3o sexual?<\/strong><\/p>\n\n\n\n<p>Segundo o artigo 215 do C\u00f3digo Penal brasileiro, o termo importuna\u00e7\u00e3o sexual diz respeito a qualquer pr\u00e1tica sexual realizada sem consentimento com objetivo de satisfazer a pr\u00f3pria lasc\u00edvia ou a de terceiro.<\/p>\n\n\n\n<p>Em 2018, a lei 13.718 entrou em vigor, e imp\u00f5e penalidade de 1 a 5 anos de reclus\u00e3o para quem cometer o delito.<\/p>\n\n\n\n<p><strong>O que \u00e9 ass\u00e9dio sexual?<\/strong><\/p>\n\n\n\n<p>Segundo o c\u00f3digo 216 do c\u00f3digo penal, o ass\u00e9dio \u00e9 todo ato que constranger algu\u00e9m com o intuito de obter vantagem ou favorecimento sexual prevalecendo-se do agente de sua condi\u00e7\u00e3o de superior hier\u00e1rquico ou ascend\u00eancia inerente ao exerc\u00edcio de cargo, emprego ou fun\u00e7\u00e3o.<\/p>\n\n\n\n<p>Para o ass\u00e9dio sexual, a carta prev\u00ea de 1 a 2 anos de reclus\u00e3o, podendo ser aumentado em at\u00e9 um 1\/3 do total estipulado caso a v\u00edtima tenha menos de 18 anos.<\/p>\n\n\n\n<p><strong>Como denunciar um estupro?<\/strong><\/p>\n\n\n\n<p>Vale ressaltar que os crimes possuem um prazo para serem denunciados, a chamada &#8220;prescri\u00e7\u00e3o&#8221;. Caso o crime prescreva, a lei n\u00e3o pode julgar ou condenar uma pessoa. Uma v\u00edtima de estupro pode denunciar a infra\u00e7\u00e3o at\u00e9 16 anos depois do acontecimento.<\/p>\n\n\n\n<p>Al\u00e9m disso, a v\u00edtima pode utilizar o canal de den\u00fancia da Mulher, Fam\u00edlia e dos Direitos Humanos, por meio do n\u00famero 100 no telefone. Ou ent\u00e3o, utilizar a Central de Atendimento \u00e0 Mulher em Situa\u00e7\u00e3o de Viol\u00eancia pelo 180.<\/p>\n\n\n\n<p>A mulher que sofrer a viol\u00eancia, tamb\u00e9m pode procurar a Delegacia da Mulher ou posto policial mais pr\u00f3ximo e denunciar o crime presencialmente.<\/p>\n\n\n\n<p><em>Fonte: Yahoo Not\u00edcias<\/em><\/p>\n","protected":false},"excerpt":{"rendered":"<p>Uma segunda mulher se apresentou na Delegacia de Atendimento \u00e0 Mulher de S\u00e3o Jo\u00e3o Meriti, na Baixada Fluminense, para testemunhar contra o\u00a0m\u00e9dico anestesista Giovanni Quintella Bezerra. Ele foi\u00a0preso em flagrante na madrugada desta segunda-feira (11) pelo estupro de uma paciente\u00a0que estava dopada e passava por uma ces\u00e1rea no Hospital da Mulher Heloneida Studart.<\/p>\n","protected":false},"author":2,"featured_media":43645,"comment_status":"open","ping_status":"open","sticky":false,"template":"","format":"standard","meta":{"om_disable_all_campaigns":false,"_monsterinsights_skip_tracking":false,"_monsterinsights_sitenote_active":false,"_monsterinsights_sitenote_note":"","_monsterinsights_sitenote_category":0,"footnotes":""},"categories":[34,70,69,22],"tags":[56,1345,300],"class_list":["post-43644","post","type-post","status-publish","format-standard","has-post-thumbnail","hentry","category-brasil","category-destaques","category-noticias2","category-seguranca","tag-estupro","tag-medico","tag-rio-de-janeiro"],"aioseo_notices":[],"_links":{"self":[{"href":"https:\/\/www.portalalerta.com.br\/index.php\/wp-json\/wp\/v2\/posts\/43644","targetHints":{"allow":["GET"]}}],"collection":[{"href":"https:\/\/www.portalalerta.com.br\/index.php\/wp-json\/wp\/v2\/posts"}],"about":[{"href":"https:\/\/www.portalalerta.com.br\/index.php\/wp-json\/wp\/v2\/types\/post"}],"author":[{"embeddable":true,"href":"https:\/\/www.portalalerta.com.br\/index.php\/wp-json\/wp\/v2\/users\/2"}],"replies":[{"embeddable":true,"href":"https:\/\/www.portalalerta.com.br\/index.php\/wp-json\/wp\/v2\/comments?post=43644"}],"version-history":[{"count":1,"href":"https:\/\/www.portalalerta.com.br\/index.php\/wp-json\/wp\/v2\/posts\/43644\/revisions"}],"predecessor-version":[{"id":43646,"href":"https:\/\/www.portalalerta.com.br\/index.php\/wp-json\/wp\/v2\/posts\/43644\/revisions\/43646"}],"wp:featuredmedia":[{"embeddable":true,"href":"https:\/\/www.portalalerta.com.br\/index.php\/wp-json\/wp\/v2\/media\/43645"}],"wp:attachment":[{"href":"https:\/\/www.portalalerta.com.br\/index.php\/wp-json\/wp\/v2\/media?parent=43644"}],"wp:term":[{"taxonomy":"category","embeddable":true,"href":"https:\/\/www.portalalerta.com.br\/index.php\/wp-json\/wp\/v2\/categories?post=43644"},{"taxonomy":"post_tag","embeddable":true,"href":"https:\/\/www.portalalerta.com.br\/index.php\/wp-json\/wp\/v2\/tags?post=43644"}],"curies":[{"name":"wp","href":"https:\/\/api.w.org\/{rel}","templated":true}]}}