{"id":43648,"date":"2022-07-13T16:07:48","date_gmt":"2022-07-13T19:07:48","guid":{"rendered":"https:\/\/www.portalalerta.com.br\/?p=43648"},"modified":"2022-07-13T16:07:51","modified_gmt":"2022-07-13T19:07:51","slug":"conversa-de-bolsonaro-com-irmaos-de-petista-morto-e-absurdo-diz-viuva","status":"publish","type":"post","link":"https:\/\/www.portalalerta.com.br\/index.php\/2022\/07\/13\/conversa-de-bolsonaro-com-irmaos-de-petista-morto-e-absurdo-diz-viuva\/","title":{"rendered":"Conversa de Bolsonaro com irm\u00e3os de petista morto \u00e9 &#8216;absurdo&#8217;, diz vi\u00fava"},"content":{"rendered":"\n<p>A vi\u00fava de\u00a0Marcelo Arruda, tesoureiro petista assassinado por um agente penal bolsonarista, chamou de &#8220;absurdo&#8221; a conversa por chamada de v\u00eddeo que o presidente Jair Bolsonaro (PL) teve com os irm\u00e3os da v\u00edtima. &#8220;Absurdo, eu n\u00e3o sabia&#8221;, afirmou P\u00e2mela Suellen Silva \u00e0 coluna do jornalista Chico Alves, do portal UOL.<\/p>\n\n\n\n<!--more-->\n\n\n\n<p>A\u00a0liga\u00e7\u00e3o de Bolsonaro para a fam\u00edlia de Marcelo aconteceu esta ter\u00e7a-feira (12). O chefe do Executivo conversou com os irm\u00e3os de Arruda \u2014 apoiadores do governo de Bolsonaro \u2014 e falou que a esquerda est\u00e1 tentando culp\u00e1-lo pelo assassinato. Al\u00e9m disso,\u00a0convidou a fam\u00edlia para uma coletiva de imprensa nesta quinta (14).<\/p>\n\n\n\n<p>Marcelo Arruda foi assassinado por Jorge Jos\u00e9 da Rocha Guaranho, policial penal federal e apoiador do presidente, no domingo (10). O crime ocorreu durante a festa de anivers\u00e1rio de Arruda com a tem\u00e1tica do PT, em sua casa em Foz do Igua\u00e7u (PR).<\/p>\n\n\n\n<div class=\"wp-block-image\"><figure class=\"aligncenter size-full\"><img fetchpriority=\"high\" decoding=\"async\" width=\"720\" height=\"181\" src=\"https:\/\/www.portalalerta.com.br\/wp-content\/uploads\/2018\/02\/Auto-Escola-Nobre.jpg\" alt=\"\" class=\"wp-image-4869\" srcset=\"https:\/\/www.portalalerta.com.br\/wp-content\/uploads\/2018\/02\/Auto-Escola-Nobre.jpg 720w, https:\/\/www.portalalerta.com.br\/wp-content\/uploads\/2018\/02\/Auto-Escola-Nobre-260x65.jpg 260w, https:\/\/www.portalalerta.com.br\/wp-content\/uploads\/2018\/02\/Auto-Escola-Nobre-50x13.jpg 50w, https:\/\/www.portalalerta.com.br\/wp-content\/uploads\/2018\/02\/Auto-Escola-Nobre-150x38.jpg 150w\" sizes=\"(max-width: 720px) 100vw, 720px\" \/><\/figure><\/div>\n\n\n\n<p>O tema da comemora\u00e7\u00e3o teria sido o motivo para um simpatizante de Bolsonaro interromper o evento e atirar contra Arruda.<\/p>\n\n\n\n<p><strong><em>&#8220;A poss\u00edvel vinda de voc\u00eas a Bras\u00edlia, se concordarem, qual \u00e9 a ideia? \u00c9 ter uma coletiva de imprensa para falar o que aconteceu. At\u00e9 para [evitar] ataques ao seu irm\u00e3o. N\u00e3o \u00e9 a direita, a esquerda. Esse cara [que o assassinou], pelo que tudo leva a crer, \u00e9 um desequilibrado&#8221;,<\/em><\/strong><em> <\/em>disse Bolsonaro<em>.<\/em><\/p>\n\n\n\n<p><strong><em>&#8220;Eu faria isso para voc\u00eas terem a imprensa na frente de voc\u00eas para mostrar o que aconteceu. Se bem que a imprensa dificilmente vai voltar atr\u00e1s, porque grande parte da imprensa tem o seu objetivo tamb\u00e9m, que \u00e9 desgastar o meu governo&#8221;<\/em><\/strong><em>, <\/em>completou Bolsonaro<em>.<\/em><\/p>\n\n\n\n<p>Na grava\u00e7\u00e3o, \u00e9 poss\u00edvel ouvir o mandat\u00e1rio dizendo que <strong><em>\u201cpor mais que, porventura, tenha tido uma troca de palavras grosseiras [antes do crime], n\u00e3o justifica o cara [seu apoiador] voltar armado e fazer o que fez\u201d<\/em><\/strong>.<\/p>\n\n\n\n<p>A liga\u00e7\u00e3o por v\u00eddeo foi feita pelo deputado bolsonarista Otoni de Paula (MDB-RJ), que esteve na casa de um dos irm\u00e3os de Arruda, com o aval de Bolsonaro, para intermediar a conversa.<\/p>\n\n\n\n<p>Otoni disse que Bolsonaro conversou com dois irm\u00e3os do petista assassinado: Jos\u00e9 e Luiz de Arruda. Tamb\u00e9m aparece na chamada, segundo o deputado, a esposa de um dos irm\u00e3os.<\/p>\n\n\n\n<p>Os irm\u00e3os de Arruda n\u00e3o falaram se v\u00e3o aceitar o convite, mas afirmaram a Bolsonaro que n\u00e3o querem que o caso seja explorado politicamente.<\/p>\n\n\n\n<p><strong><em>&#8220;Foi feito um contato. A gente n\u00e3o deu um retorno definitivo se a gente vai ou n\u00e3o. A gente est\u00e1 conversando com os filhos do Marcelo, esposas, sobrinhos, a gente vai conversar para ver o que a gente vai decidir.&#8221;<\/em><\/strong><\/p>\n\n\n\n<p>Segundo ele, a fam\u00edlia ainda n\u00e3o avaliou o tom da conversa. <strong><em>&#8220;A gente falou algumas coisas, o presidente n\u00e3o se posicionou ainda, ent\u00e3o a gente n\u00e3o tem como ter uma avalia\u00e7\u00e3o definitiva.&#8221;<\/em><\/strong><\/p>\n\n\n\n<p><strong>Entenda o caso<\/strong><\/p>\n\n\n\n<p>O guarda municipal Marcelo Arruda comemorava o anivers\u00e1rio de 50 anos com uma festa tem\u00e1tica do PT quando o bolsonarista Jorge Jos\u00e9 da Rocha Guaranho invadiu a festa e abriu fogo contra Arruda. Guaranho foi baleado e encaminhado para o hospital.<\/p>\n\n\n\n<p>Segundo Marcos Antonio Jahnke, secret\u00e1rio de Seguran\u00e7a P\u00fablica de Foz do Igua\u00e7u, a Pol\u00edcia Civil ainda investiga os motivos por tr\u00e1s do crime, mas adiantou que a investiga\u00e7\u00e3o trabalha com a hip\u00f3tese de intoler\u00e2ncia pol\u00edtica.<\/p>\n\n\n\n<p>De acordo com o boletim de ocorr\u00eancia, registrado na 6.\u00aa Subdivis\u00e3o Policial de Foz do Igua\u00e7u, Guaranho gritou ao chegar ao local: <strong><em>\u201cAqui \u00e9 Bolsonaro!\u201d<\/em><\/strong>.<\/p>\n\n\n\n<p>A Pol\u00edcia Civil do Paran\u00e1 informou que Jorge Jos\u00e9 da Rocha Guaranho\u00a0respira com aux\u00edlio de ventila\u00e7\u00e3o mec\u00e2nica e est\u00e1 em estado est\u00e1vel, e que n\u00e3o h\u00e1 previs\u00e3o de alta da UTI (Unidade de Terapia Intensiva).<\/p>\n\n\n\n<p>Dalvalice Rosa, m\u00e3e do assassino, disse que Guaranho foi baleado no rosto, nas duas pernas e sofreu um edema na cabe\u00e7a causado por chutes de ao menos dois homens.<\/p>\n\n\n\n<p><em>Fonte: Yahoo Not\u00edcias<\/em><\/p>\n","protected":false},"excerpt":{"rendered":"<p>A vi\u00fava de\u00a0Marcelo Arruda, tesoureiro petista assassinado por um agente penal bolsonarista, chamou de &#8220;absurdo&#8221; a conversa por chamada de v\u00eddeo que o presidente Jair Bolsonaro (PL) teve com os irm\u00e3os da v\u00edtima. &#8220;Absurdo, eu n\u00e3o sabia&#8221;, afirmou P\u00e2mela Suellen Silva \u00e0 coluna do jornalista Chico Alves, do portal UOL.<\/p>\n","protected":false},"author":2,"featured_media":43649,"comment_status":"open","ping_status":"open","sticky":false,"template":"","format":"standard","meta":{"om_disable_all_campaigns":false,"_monsterinsights_skip_tracking":false,"_monsterinsights_sitenote_active":false,"_monsterinsights_sitenote_note":"","_monsterinsights_sitenote_category":0,"footnotes":""},"categories":[34,70,69,21,22],"tags":[93,206,1395,1152,397],"class_list":["post-43648","post","type-post","status-publish","format-standard","has-post-thumbnail","hentry","category-brasil","category-destaques","category-noticias2","category-politica","category-seguranca","tag-brasil","tag-homicidio","tag-jair-bolsonaro","tag-presidente-da-republica","tag-seguranca"],"aioseo_notices":[],"_links":{"self":[{"href":"https:\/\/www.portalalerta.com.br\/index.php\/wp-json\/wp\/v2\/posts\/43648","targetHints":{"allow":["GET"]}}],"collection":[{"href":"https:\/\/www.portalalerta.com.br\/index.php\/wp-json\/wp\/v2\/posts"}],"about":[{"href":"https:\/\/www.portalalerta.com.br\/index.php\/wp-json\/wp\/v2\/types\/post"}],"author":[{"embeddable":true,"href":"https:\/\/www.portalalerta.com.br\/index.php\/wp-json\/wp\/v2\/users\/2"}],"replies":[{"embeddable":true,"href":"https:\/\/www.portalalerta.com.br\/index.php\/wp-json\/wp\/v2\/comments?post=43648"}],"version-history":[{"count":1,"href":"https:\/\/www.portalalerta.com.br\/index.php\/wp-json\/wp\/v2\/posts\/43648\/revisions"}],"predecessor-version":[{"id":43650,"href":"https:\/\/www.portalalerta.com.br\/index.php\/wp-json\/wp\/v2\/posts\/43648\/revisions\/43650"}],"wp:featuredmedia":[{"embeddable":true,"href":"https:\/\/www.portalalerta.com.br\/index.php\/wp-json\/wp\/v2\/media\/43649"}],"wp:attachment":[{"href":"https:\/\/www.portalalerta.com.br\/index.php\/wp-json\/wp\/v2\/media?parent=43648"}],"wp:term":[{"taxonomy":"category","embeddable":true,"href":"https:\/\/www.portalalerta.com.br\/index.php\/wp-json\/wp\/v2\/categories?post=43648"},{"taxonomy":"post_tag","embeddable":true,"href":"https:\/\/www.portalalerta.com.br\/index.php\/wp-json\/wp\/v2\/tags?post=43648"}],"curies":[{"name":"wp","href":"https:\/\/api.w.org\/{rel}","templated":true}]}}