{"id":43653,"date":"2022-07-13T16:17:55","date_gmt":"2022-07-13T19:17:55","guid":{"rendered":"https:\/\/www.portalalerta.com.br\/?p=43653"},"modified":"2022-07-13T16:17:56","modified_gmt":"2022-07-13T19:17:56","slug":"bahia-tem-reducao-de-115-nas-mortes-violentas-durante-o-1o-semestre-2022","status":"publish","type":"post","link":"https:\/\/www.portalalerta.com.br\/index.php\/2022\/07\/13\/bahia-tem-reducao-de-115-nas-mortes-violentas-durante-o-1o-semestre-2022\/","title":{"rendered":"Bahia tem redu\u00e7\u00e3o de 11,5% nas mortes violentas durante o 1\u00ba semestre 2022"},"content":{"rendered":"\n<p>A Bahia teve uma redu\u00e7\u00e3o de 340 mortes violentas ao longo dos seis primeiros meses deste ano, sendo uma queda de 11,5% em rela\u00e7\u00e3o ao mesmo per\u00edodo de 2021. Os dados foram divulgados pela Secretaria de Seguran\u00e7a P\u00fablica do Estado (SSP-BA).<\/p>\n\n\n\n<!--more-->\n\n\n\n<p>No primeiro semestre de 2022 foram contabilizados 2.618 casos, enquanto no ano passado foram registradas 2.918 no mesmo intervalo analisado.<\/p>\n\n\n\n<p><strong><em>\u201cEstamos aumentando o efetivo, melhorando as condi\u00e7\u00f5es de trabalho dos nossos policiais e bombeiros, al\u00e9m do avan\u00e7o com a tecnologia por todo o estado\u201d<\/em><\/strong>, disse o secret\u00e1rio de Seguran\u00e7a P\u00fablica, Ricardo Mandarino.<\/p>\n\n\n\n<p>Em Salvador a queda foi de 13,6% (618 casos em 2022 e 715 em 2021), na Regi\u00e3o Metropolitana a redu\u00e7\u00e3o foi de 3% (327 casos em 2022 e 337 em 2021) e no interior a pol\u00edcia computou um decr\u00e9scimo de 12,2% (1.673 casos em 2022 e 1.906 em 2021).<\/p>\n\n\n\n<p><em>Fonte: Fique Por Dentro Agora<\/em><\/p>\n\n\n\n<p><em>Com informa\u00e7\u00f5es: Bahia Not\u00edcias<\/em><\/p>\n","protected":false},"excerpt":{"rendered":"<p>A Bahia teve uma redu\u00e7\u00e3o de 340 mortes violentas ao longo dos seis primeiros meses deste ano, sendo uma queda de 11,5% em rela\u00e7\u00e3o ao mesmo per\u00edodo de 2021. Os dados foram divulgados pela Secretaria de Seguran\u00e7a P\u00fablica do Estado (SSP-BA).<\/p>\n","protected":false},"author":2,"featured_media":18512,"comment_status":"open","ping_status":"open","sticky":false,"template":"","format":"standard","meta":{"om_disable_all_campaigns":false,"_monsterinsights_skip_tracking":false,"_monsterinsights_sitenote_active":false,"_monsterinsights_sitenote_note":"","_monsterinsights_sitenote_category":0,"footnotes":""},"categories":[33,70,69,22],"tags":[54,2074,439,4943],"class_list":["post-43653","post","type-post","status-publish","format-standard","has-post-thumbnail","hentry","category-bahia","category-destaques","category-noticias2","category-seguranca","tag-bahia","tag-homicidios","tag-mortes","tag-violencia-2"],"aioseo_notices":[],"_links":{"self":[{"href":"https:\/\/www.portalalerta.com.br\/index.php\/wp-json\/wp\/v2\/posts\/43653","targetHints":{"allow":["GET"]}}],"collection":[{"href":"https:\/\/www.portalalerta.com.br\/index.php\/wp-json\/wp\/v2\/posts"}],"about":[{"href":"https:\/\/www.portalalerta.com.br\/index.php\/wp-json\/wp\/v2\/types\/post"}],"author":[{"embeddable":true,"href":"https:\/\/www.portalalerta.com.br\/index.php\/wp-json\/wp\/v2\/users\/2"}],"replies":[{"embeddable":true,"href":"https:\/\/www.portalalerta.com.br\/index.php\/wp-json\/wp\/v2\/comments?post=43653"}],"version-history":[{"count":1,"href":"https:\/\/www.portalalerta.com.br\/index.php\/wp-json\/wp\/v2\/posts\/43653\/revisions"}],"predecessor-version":[{"id":43654,"href":"https:\/\/www.portalalerta.com.br\/index.php\/wp-json\/wp\/v2\/posts\/43653\/revisions\/43654"}],"wp:featuredmedia":[{"embeddable":true,"href":"https:\/\/www.portalalerta.com.br\/index.php\/wp-json\/wp\/v2\/media\/18512"}],"wp:attachment":[{"href":"https:\/\/www.portalalerta.com.br\/index.php\/wp-json\/wp\/v2\/media?parent=43653"}],"wp:term":[{"taxonomy":"category","embeddable":true,"href":"https:\/\/www.portalalerta.com.br\/index.php\/wp-json\/wp\/v2\/categories?post=43653"},{"taxonomy":"post_tag","embeddable":true,"href":"https:\/\/www.portalalerta.com.br\/index.php\/wp-json\/wp\/v2\/tags?post=43653"}],"curies":[{"name":"wp","href":"https:\/\/api.w.org\/{rel}","templated":true}]}}