{"id":43655,"date":"2022-07-13T16:26:04","date_gmt":"2022-07-13T19:26:04","guid":{"rendered":"https:\/\/www.portalalerta.com.br\/?p=43655"},"modified":"2022-07-13T16:26:05","modified_gmt":"2022-07-13T19:26:05","slug":"isolado-prefeito-de-euclides-da-cunha-ba-declara-apoio-a-jeronimo-rodrigues-enquanto-vereadores-aliados-segue-vice-prefeito-e-declaram-apoio-a-acm-neto","status":"publish","type":"post","link":"https:\/\/www.portalalerta.com.br\/index.php\/2022\/07\/13\/isolado-prefeito-de-euclides-da-cunha-ba-declara-apoio-a-jeronimo-rodrigues-enquanto-vereadores-aliados-segue-vice-prefeito-e-declaram-apoio-a-acm-neto\/","title":{"rendered":"Isolado, prefeito de Euclides da Cunha-BA declara apoio a Jer\u00f4nimo Rodrigues, enquanto vereadores aliados segue vice-prefeito, e declaram apoio a ACM Neto"},"content":{"rendered":"\n<p>O pr\u00e9-candidato ao governo da Bahia, ACM Neto (UB), recebeu na ter\u00e7a-feira (12) um apoio importante e de peso vindo de Euclides da Cunha: seis vereadores da base do prefeito, o vice-prefeito Rubenilson Campos (PL) e mais um suplente de vereador declararam apoio a Neto, o que foi recebido com certa dose de surpresa no munic\u00edpio.<\/p>\n\n\n\n<!--more-->\n\n\n\n<div class=\"wp-block-image\"><figure class=\"alignleft size-full is-resized\"><img fetchpriority=\"high\" decoding=\"async\" src=\"https:\/\/www.portalalerta.com.br\/wp-content\/uploads\/2021\/04\/ELAB.jpg\" alt=\"\" class=\"wp-image-34795\" width=\"380\" height=\"303\" srcset=\"https:\/\/www.portalalerta.com.br\/wp-content\/uploads\/2021\/04\/ELAB.jpg 1000w, https:\/\/www.portalalerta.com.br\/wp-content\/uploads\/2021\/04\/ELAB-300x240.jpg 300w, https:\/\/www.portalalerta.com.br\/wp-content\/uploads\/2021\/04\/ELAB-768x614.jpg 768w, https:\/\/www.portalalerta.com.br\/wp-content\/uploads\/2021\/04\/ELAB-183x146.jpg 183w, https:\/\/www.portalalerta.com.br\/wp-content\/uploads\/2021\/04\/ELAB-50x40.jpg 50w, https:\/\/www.portalalerta.com.br\/wp-content\/uploads\/2021\/04\/ELAB-94x75.jpg 94w\" sizes=\"(max-width: 380px) 100vw, 380px\" \/><\/figure><\/div>\n\n\n\n<p>Dose de surpresa porque dois dos vereadores presentes j\u00e1 haviam declarado sua simpatia por Neto, e todos os seis s\u00e3o da base do prefeito Luciano Pinheiro, que j\u00e1 afirmou, em v\u00e1rios momentos, que apoiar\u00e1 o petista Jer\u00f4nimo Rodrigues, pr\u00e9-candidato do governador Rui Costa. Declararam apoio a ACM Neto os vereadores Felipe Cigano, J\u00fanior da Pax, Tita da \u00c1gua (presidente da C\u00e2mara Municipal), Neilton Rocha, Bolivar Alves e Ireno Barreto, al\u00e9m do suplente Neguinho de Luxo. Ao todo, eles tiveram 9.566 votos na elei\u00e7\u00e3o de 2020. Quando as primeiras fotos come\u00e7aram a circular nas redes sociais, a rea\u00e7\u00e3o do prefeito foi imediata. Ele postou um v\u00eddeo reafirmando seu apoio ao pr\u00e9-candidato Jer\u00f4nimo e ao governador Rui Costa.<\/p>\n\n\n\n<p><em>Fonte: Joilson Costa<\/em><\/p>\n\n\n\n<p><em>Com informa\u00e7\u00f5es: Do retratosefatos.com.br<\/em><\/p>\n","protected":false},"excerpt":{"rendered":"<p>O pr\u00e9-candidato ao governo da Bahia, ACM Neto (UB), recebeu na ter\u00e7a-feira (12) um apoio importante e de peso vindo de Euclides da Cunha: seis vereadores da base do prefeito, o vice-prefeito Rubenilson Campos (PL) e mais um suplente de vereador declararam apoio a Neto, o que foi recebido com certa dose de surpresa no &hellip;<\/p>\n","protected":false},"author":2,"featured_media":43656,"comment_status":"open","ping_status":"open","sticky":false,"template":"","format":"standard","meta":{"om_disable_all_campaigns":false,"_monsterinsights_skip_tracking":false,"_monsterinsights_sitenote_active":false,"_monsterinsights_sitenote_note":"","_monsterinsights_sitenote_category":0,"footnotes":""},"categories":[33,70,17,69,21,32],"tags":[722,3181,129,2500,981,199,198,135,776],"class_list":["post-43655","post","type-post","status-publish","format-standard","has-post-thumbnail","hentry","category-bahia","category-destaques","category-euclides-da-cunha","category-noticias2","category-politica","category-regiao","tag-acm-neto","tag-eleicoes-2022","tag-euclides-da-cunha","tag-jeronimo-rodrigues","tag-luciano-pinheiro","tag-politica","tag-prefeito","tag-vereadores","tag-vice-prefeito"],"aioseo_notices":[],"_links":{"self":[{"href":"https:\/\/www.portalalerta.com.br\/index.php\/wp-json\/wp\/v2\/posts\/43655","targetHints":{"allow":["GET"]}}],"collection":[{"href":"https:\/\/www.portalalerta.com.br\/index.php\/wp-json\/wp\/v2\/posts"}],"about":[{"href":"https:\/\/www.portalalerta.com.br\/index.php\/wp-json\/wp\/v2\/types\/post"}],"author":[{"embeddable":true,"href":"https:\/\/www.portalalerta.com.br\/index.php\/wp-json\/wp\/v2\/users\/2"}],"replies":[{"embeddable":true,"href":"https:\/\/www.portalalerta.com.br\/index.php\/wp-json\/wp\/v2\/comments?post=43655"}],"version-history":[{"count":1,"href":"https:\/\/www.portalalerta.com.br\/index.php\/wp-json\/wp\/v2\/posts\/43655\/revisions"}],"predecessor-version":[{"id":43657,"href":"https:\/\/www.portalalerta.com.br\/index.php\/wp-json\/wp\/v2\/posts\/43655\/revisions\/43657"}],"wp:featuredmedia":[{"embeddable":true,"href":"https:\/\/www.portalalerta.com.br\/index.php\/wp-json\/wp\/v2\/media\/43656"}],"wp:attachment":[{"href":"https:\/\/www.portalalerta.com.br\/index.php\/wp-json\/wp\/v2\/media?parent=43655"}],"wp:term":[{"taxonomy":"category","embeddable":true,"href":"https:\/\/www.portalalerta.com.br\/index.php\/wp-json\/wp\/v2\/categories?post=43655"},{"taxonomy":"post_tag","embeddable":true,"href":"https:\/\/www.portalalerta.com.br\/index.php\/wp-json\/wp\/v2\/tags?post=43655"}],"curies":[{"name":"wp","href":"https:\/\/api.w.org\/{rel}","templated":true}]}}