{"id":43662,"date":"2022-07-13T22:13:05","date_gmt":"2022-07-14T01:13:05","guid":{"rendered":"https:\/\/www.portalalerta.com.br\/?p=43662"},"modified":"2022-07-13T22:13:06","modified_gmt":"2022-07-14T01:13:06","slug":"governo-de-sergipe-descarta-volta-do-uso-obrigatorio-de-mascaras-no-estado","status":"publish","type":"post","link":"https:\/\/www.portalalerta.com.br\/index.php\/2022\/07\/13\/governo-de-sergipe-descarta-volta-do-uso-obrigatorio-de-mascaras-no-estado\/","title":{"rendered":"Governo de Sergipe descarta volta do uso obrigat\u00f3rio de m\u00e1scaras no estado"},"content":{"rendered":"\n<p>Apesar do crescimento nos n\u00fameros de Covid-19, o Governo do Estado de Sergipe n\u00e3o tornar\u00e1 obrigat\u00f3rio o uso de m\u00e1scara de prote\u00e7\u00e3o facial novamente. Quem afirma \u00e9 o Superintendente de Comunica\u00e7\u00e3o do Governo, Givaldo Ricardo. Segundo ele, segue mantida a recomenda\u00e7\u00e3o para a popula\u00e7\u00e3o utilizar o item em ambientes fechados ou em caso de sintomas gripais. Foram quase dois anos seguidos de utiliza\u00e7\u00e3o obrigat\u00f3ria de m\u00e1scaras em Sergipe, devido \u00e0 pandemia da Covid-19.<\/p>\n\n\n\n<!--more-->\n\n\n\n<div class=\"wp-block-image\"><figure class=\"alignleft size-full is-resized\"><img fetchpriority=\"high\" decoding=\"async\" src=\"https:\/\/www.portalalerta.com.br\/wp-content\/uploads\/2022\/03\/Cred-Real.1.jpg\" alt=\"\" class=\"wp-image-41523\" width=\"389\" height=\"311\" srcset=\"https:\/\/www.portalalerta.com.br\/wp-content\/uploads\/2022\/03\/Cred-Real.1.jpg 500w, https:\/\/www.portalalerta.com.br\/wp-content\/uploads\/2022\/03\/Cred-Real.1-300x240.jpg 300w, https:\/\/www.portalalerta.com.br\/wp-content\/uploads\/2022\/03\/Cred-Real.1-183x146.jpg 183w, https:\/\/www.portalalerta.com.br\/wp-content\/uploads\/2022\/03\/Cred-Real.1-50x40.jpg 50w, https:\/\/www.portalalerta.com.br\/wp-content\/uploads\/2022\/03\/Cred-Real.1-94x75.jpg 94w\" sizes=\"(max-width: 389px) 100vw, 389px\" \/><\/figure><\/div>\n\n\n\n<p>Em mar\u00e7o deste ano, com o recuo no n\u00famero de casos confirmados, interna\u00e7\u00f5es e \u00f3bitos, a Assembleia Legislativa de Sergipe (Alese) aprovou um novo projeto de lei desobrigando o item e tornando-o facultativo. Segundo explica\u00e7\u00e3o do superintendente de Comunica\u00e7\u00e3o, para voltar a se tornar obrigat\u00f3rio seria necess\u00e1rio o governo enviar um novo PL de exig\u00eancia para a Alese. Portanto, ele garante que isso n\u00e3o ocorrer\u00e1, principalmente porque n\u00e3o houve defini\u00e7\u00e3o acerca do assunto por parte do Comit\u00ea T\u00e9cnico Cient\u00edfico, que avalia o cen\u00e1rio de pandemia no Estado.<\/p>\n\n\n\n<p><strong><em>\u201cEst\u00e1 se registrando sim o aumento de casos, mas por conta do per\u00edodo sazonal, do inverno e a quest\u00e3o das festas juninas. Por\u00e9m n\u00e3o se detectou ainda aumento significativo de interna\u00e7\u00e3o de leitos de UTI. O que temos s\u00e3o muitos casos de s\u00edndrome gripal. N\u00e3o vai retomar a obrigatoriedade do uso de m\u00e1scara. No entanto, segue a recomenda\u00e7\u00e3o de que as pessoas utilizem em ambientes fechados, ou se estiver com sintomas\u201d<\/em><\/strong>, reitera Givaldo.<\/p>\n\n\n\n<p>Enquanto isso, de acordo com a Comunica\u00e7\u00e3o da Secretaria de Estado da Sa\u00fade (SES), \u00e9 recomendada a utiliza\u00e7\u00e3o de m\u00e1scaras para pessoas com sintomas de resfriado comum ou s\u00edndrome gripal, para pessoas que se exp\u00f5em ao contato com indiv\u00edduos sintom\u00e1ticos, como profissionais da sa\u00fade, trabalhadores de servi\u00e7o de atendimento ao p\u00fablico, familiares de pacientes sintom\u00e1ticos e situa\u00e7\u00f5es correlatas; para pessoas n\u00e3o-vacinadas contra a Covid-19, ou que receberam imuniza\u00e7\u00e3o incompleta (menos de tr\u00eas doses, quando indicada a dose de refor\u00e7o); para pessoas imunossuprimidas; pessoas com idade maior que 60 anos (principalmente maiores que 70 anos), em especial aquelas com doen\u00e7as cr\u00f4nicas e gestantes. Al\u00e9m disso, a resolu\u00e7\u00e3o recomenda a utiliza\u00e7\u00e3o das m\u00e1scaras em locais fechados com aglomera\u00e7\u00e3o frequente; em locais abertos quando houver aglomera\u00e7\u00e3o e em servi\u00e7os de sa\u00fade.&nbsp;<\/p>\n\n\n\n<p><em>Fonte: Sim\u00e3o Dias Como eu Vejo<\/em><\/p>\n\n\n\n<p><em>Com informa\u00e7\u00f5es: Jornal da Cidade<\/em><\/p>\n","protected":false},"excerpt":{"rendered":"<p>Apesar do crescimento nos n\u00fameros de Covid-19, o Governo do Estado de Sergipe n\u00e3o tornar\u00e1 obrigat\u00f3rio o uso de m\u00e1scara de prote\u00e7\u00e3o facial novamente. Quem afirma \u00e9 o Superintendente de Comunica\u00e7\u00e3o do Governo, Givaldo Ricardo. Segundo ele, segue mantida a recomenda\u00e7\u00e3o para a popula\u00e7\u00e3o utilizar o item em ambientes fechados ou em caso de sintomas &hellip;<\/p>\n","protected":false},"author":2,"featured_media":41915,"comment_status":"open","ping_status":"open","sticky":false,"template":"","format":"standard","meta":{"om_disable_all_campaigns":false,"_monsterinsights_skip_tracking":false,"_monsterinsights_sitenote_active":false,"_monsterinsights_sitenote_note":"","_monsterinsights_sitenote_category":0,"footnotes":""},"categories":[34,70,69,19],"tags":[93,3429,3486,1988,3536,114],"class_list":["post-43662","post","type-post","status-publish","format-standard","has-post-thumbnail","hentry","category-brasil","category-destaques","category-noticias2","category-saude","tag-brasil","tag-coronavirus","tag-covid-19","tag-governo-do-estado","tag-mascaras-de-protecao","tag-sergipe"],"aioseo_notices":[],"_links":{"self":[{"href":"https:\/\/www.portalalerta.com.br\/index.php\/wp-json\/wp\/v2\/posts\/43662","targetHints":{"allow":["GET"]}}],"collection":[{"href":"https:\/\/www.portalalerta.com.br\/index.php\/wp-json\/wp\/v2\/posts"}],"about":[{"href":"https:\/\/www.portalalerta.com.br\/index.php\/wp-json\/wp\/v2\/types\/post"}],"author":[{"embeddable":true,"href":"https:\/\/www.portalalerta.com.br\/index.php\/wp-json\/wp\/v2\/users\/2"}],"replies":[{"embeddable":true,"href":"https:\/\/www.portalalerta.com.br\/index.php\/wp-json\/wp\/v2\/comments?post=43662"}],"version-history":[{"count":1,"href":"https:\/\/www.portalalerta.com.br\/index.php\/wp-json\/wp\/v2\/posts\/43662\/revisions"}],"predecessor-version":[{"id":43663,"href":"https:\/\/www.portalalerta.com.br\/index.php\/wp-json\/wp\/v2\/posts\/43662\/revisions\/43663"}],"wp:featuredmedia":[{"embeddable":true,"href":"https:\/\/www.portalalerta.com.br\/index.php\/wp-json\/wp\/v2\/media\/41915"}],"wp:attachment":[{"href":"https:\/\/www.portalalerta.com.br\/index.php\/wp-json\/wp\/v2\/media?parent=43662"}],"wp:term":[{"taxonomy":"category","embeddable":true,"href":"https:\/\/www.portalalerta.com.br\/index.php\/wp-json\/wp\/v2\/categories?post=43662"},{"taxonomy":"post_tag","embeddable":true,"href":"https:\/\/www.portalalerta.com.br\/index.php\/wp-json\/wp\/v2\/tags?post=43662"}],"curies":[{"name":"wp","href":"https:\/\/api.w.org\/{rel}","templated":true}]}}