{"id":43669,"date":"2022-07-16T16:16:17","date_gmt":"2022-07-16T19:16:17","guid":{"rendered":"https:\/\/www.portalalerta.com.br\/?p=43669"},"modified":"2022-07-16T16:16:18","modified_gmt":"2022-07-16T19:16:18","slug":"pm-que-matou-familia-no-parana-mandou-audio-explicando-crimes","status":"publish","type":"post","link":"https:\/\/www.portalalerta.com.br\/index.php\/2022\/07\/16\/pm-que-matou-familia-no-parana-mandou-audio-explicando-crimes\/","title":{"rendered":"PM que matou fam\u00edlia no Paran\u00e1 mandou \u00e1udio explicando crimes"},"content":{"rendered":"\n<p>O policial militar Fabiano Junior Garcia, que matou a pr\u00f3pria fam\u00edlia (mulher, tr\u00eas filhos, m\u00e3e e irm\u00e3o), al\u00e9m de dois pedestres, na noite desta quinta-feira e madrugada de sexta-feira, enviou um \u00e1udio por mensagem explicando os crimes, cometidos nas cidades de Toledo e C\u00e9u Azul, no Paran\u00e1. A grava\u00e7\u00e3o circula em grupos de WhatsApp na manh\u00e3 desta sexta-feira. Seu conte\u00fado foi confirmado pela PMPR como tendo sido enviado por Fabiano, de 37 anos, mas ainda n\u00e3o se sabe em que momento ele fez a grava\u00e7\u00e3o, se foi antes dos crimes, durante ou depois. De acordo com o Coronel Hudson Le\u00f4ncio Teixeira, Comandante-Geral da PMPR, a motiva\u00e7\u00e3o do crime seria o fato de que Fabiano n\u00e3o teria aceitado o fim do relacionamento.<\/p>\n\n\n\n<!--more-->\n\n\n\n<p>O PM matou a tiros seus tr\u00eas filhos, Amanda, Kamili e Miguel, e a mulher, Kassiele Moreira. Segundo o portal local CGN, citando informa\u00e7\u00f5es do boletim de ocorr\u00eancia, as outras v\u00edtimas s\u00e3o: a m\u00e3e e o irm\u00e3o do PM, e dois pedestres que apenas passavam pelo local naquele momento, sem parentesco com ele. Por fim, Fabiano cometeu suic\u00eddio. Em nota, a Pol\u00edcia Militar do Paran\u00e1 disse estar &#8220;consternada&#8221; e que &#8220;lamenta profundamente o ocorrido&#8221;.<\/p>\n\n\n\n<p>\u2014 Fam\u00edlia, me desculpa, me desculpa, me desculpa, mas eu n\u00e3o ia conseguir viver sem a Kassiele. Me desculpa. Ela j\u00e1 n\u00e3o estava mais suportando muito o jeito que eu lidava com ela, n\u00e3o estava mais suportando se eu ia dar aten\u00e7\u00e3o pra ela ou n\u00e3o. E ela deixou a entender que ela n\u00e3o fazia quest\u00e3o de continuar comigo. Ent\u00e3o, se \u00e9 assim, como eu me dediquei toda a minha vida pra ela e eu dediquei de todo cora\u00e7\u00e3o mesmo, eu desisti de pensar em qualquer outra pessoa, de pensar em pular a cerca ou qualquer coisa, pra poder dar aten\u00e7\u00e3o, dar valor pra ela, eu entrei em um momento de depress\u00e3o, entrei nesse maldito desse jogo, para mim maior v\u00e1lvula de escape para a depress\u00e3o e me distanciei dela. E ela se acostumou com isso. E da\u00ed agora ela disse que tanto faz, ent\u00e3o se pra ela tanto faz, ela n\u00e3o quis mais ficar comigo, ela falou que possivelmente ia separar, n\u00e3o iria ficar comigo do jeito que eu sou, que eu sou com as coisas do meu jeito e tal, ent\u00e3o se \u00e9 assim, eu j\u00e1 estava querendo fazer isso mesmo, porque eu j\u00e1 n\u00e3o consigo conviver com a situa\u00e7\u00e3o da minha m\u00e3e l\u00e1 com o problema l\u00e1, eu vivo financeiramente f* \u2014 afirmou Fabiano no \u00e1udio, que foi enviado para o grupo da fam\u00edlia no WhatsApp, conforme contou ao GLOBO a irm\u00e3 de Kassiele.<\/p>\n\n\n\n<div class=\"wp-block-image\"><figure class=\"aligncenter size-full\"><img fetchpriority=\"high\" decoding=\"async\" width=\"720\" height=\"181\" src=\"https:\/\/www.portalalerta.com.br\/wp-content\/uploads\/2018\/02\/Auto-Escola-Nobre.jpg\" alt=\"\" class=\"wp-image-4869\" srcset=\"https:\/\/www.portalalerta.com.br\/wp-content\/uploads\/2018\/02\/Auto-Escola-Nobre.jpg 720w, https:\/\/www.portalalerta.com.br\/wp-content\/uploads\/2018\/02\/Auto-Escola-Nobre-260x65.jpg 260w, https:\/\/www.portalalerta.com.br\/wp-content\/uploads\/2018\/02\/Auto-Escola-Nobre-50x13.jpg 50w, https:\/\/www.portalalerta.com.br\/wp-content\/uploads\/2018\/02\/Auto-Escola-Nobre-150x38.jpg 150w\" sizes=\"(max-width: 720px) 100vw, 720px\" \/><\/figure><\/div>\n\n\n\n<p>No arquivo que foi divulgado pelo CGN, \u00e9 poss\u00edvel escutar ainda Fabiano dizendo que agiu daquela forma para &#8220;n\u00e3o deixar peso para ningu\u00e9m&#8221;.<\/p>\n\n\n\n<p>O comandante-geral disse que est\u00e1 sendo aberto inqu\u00e9rito policial militar para apurar os fatos. De acordo com os relatos sobre como Fabiano se portou no dia anterior, Teixeira contou que ele trabalhou normalmente na quinta-feira. O PM deixou o servi\u00e7o por volta das 19h e, \u00e0s 23h, ligou para o cunhado. At\u00e9 cerca de meia-noite, cometeu os crimes.<\/p>\n\n\n\n<p>\u2014 <strong><em>Presumo que j\u00e1 tivesse um planejamento<\/em><\/strong> \u2014 acrescentou Teixeira.<\/p>\n\n\n\n<p>A din\u00e2mica do crime:<\/p>\n\n\n\n<p>O PM primeiro matou a tiros Kassiele e Amanda dentro de casa.<\/p>\n\n\n\n<p>Depois ele foi para a casa da m\u00e3e, Irene Garcia, onde a matou a facadas e, com arma de fogo, matou o irm\u00e3o Claudiomiro.<\/p>\n\n\n\n<p>Nas proximidades do im\u00f3vel, matou dois pedestres: Kaio Felipe Siqueira da Silva e Luiz Carlos Becker.<\/p>\n\n\n\n<p>Em seguida, foi para a cidade C\u00e9u Azul, onde os outros dois filhos, Miguel e Kamili, estavam na casa de tios e os matou a tiros.<\/p>\n\n\n\n<p>O pr\u00f3ximo passo foi voltar para casa onde morava com a mulher, mas n\u00e3o chegou a sair do carro, pois cometeu suic\u00eddio.<\/p>\n\n\n\n<p>&#8220;O policial militar que prestava servi\u00e7os no 19\u00ba Batalh\u00e3o em Toledo n\u00e3o tinha hist\u00f3rico que pudesse indicar problemas psicol\u00f3gicos e atuava como motorista do Coordenador do Policiamento da Unidade&#8221;, afirmou a PM em comunicado. &#8220;Desde dezembro de 2020 a regi\u00e3o conta com o apoio do programa PRUMOS, que disponibiliza atendimento psicol\u00f3gico e social aos militares e dependentes, com profissionais contratados para atuar nas Organiza\u00e7\u00f5es Policiais Militares&#8221;.<\/p>\n\n\n\n<p>Procurada, a Pol\u00edcia Civil do Paran\u00e1 ainda n\u00e3o deu mais detalhes sobre o caso.<\/p>\n\n\n\n<p><strong>Leia abaixo a nota completa da Pol\u00edcia Militar:<\/strong><\/p>\n\n\n\n<p><strong><em>&#8220;A Secretaria da Seguran\u00e7a P\u00fablica lamenta o caso ocorrido em Toledo e C\u00e9u Azul e informa que as Pol\u00edcias Civil, Militar e Cient\u00edfica n\u00e3o medir\u00e3o esfor\u00e7os para apurar a motiva\u00e7\u00e3o dos fatos.<\/em><\/strong><\/p>\n\n\n\n<p><strong><em>Foi instaurado inqu\u00e9rito policial nas delegacias de ambas as cidades (Toledo e C\u00e9u Azul). Per\u00edcias foram realizadas nos locais e equipes de investiga\u00e7\u00e3o seguem na coleta de informa\u00e7\u00f5es e realizam dilig\u00eancias para concluir o caso.<\/em><\/strong><\/p>\n\n\n\n<p><strong><em>Segundo a Pol\u00edcia Militar, o policial, que prestava servi\u00e7os no 19\u00ba Batalh\u00e3o, em Toledo, n\u00e3o tinha hist\u00f3rico que pudesse indicar problemas psicol\u00f3gicos.<\/em><\/strong><\/p>\n\n\n\n<p><strong><em>A Secretaria ressalta ainda que conta com o Programa de Aten\u00e7\u00e3o Psicossocial (PRUMOS), implantado em todo o Estado, desde 2020, para oferecer atendimento psicossocial a servidores e familiares. Neste caso, as equipes do PRUMOS de Foz do Igua\u00e7u e Toledo j\u00e1 est\u00e3o atuando no suporte \u00e0 fam\u00edlia das v\u00edtimas. Al\u00e9m disso, uma equipe da capital tamb\u00e9m ir\u00e1 para a regi\u00e3o para fornecer todo o apoio necess\u00e1rio&#8221;.<\/em><\/strong><\/p>\n\n\n\n<p><em>Fonte: Yahoo Not\u00edcias<\/em><\/p>\n","protected":false},"excerpt":{"rendered":"<p>O policial militar Fabiano Junior Garcia, que matou a pr\u00f3pria fam\u00edlia (mulher, tr\u00eas filhos, m\u00e3e e irm\u00e3o), al\u00e9m de dois pedestres, na noite desta quinta-feira e madrugada de sexta-feira, enviou um \u00e1udio por mensagem explicando os crimes, cometidos nas cidades de Toledo e C\u00e9u Azul, no Paran\u00e1. A grava\u00e7\u00e3o circula em grupos de WhatsApp na &hellip;<\/p>\n","protected":false},"author":2,"featured_media":43670,"comment_status":"open","ping_status":"open","sticky":false,"template":"","format":"standard","meta":{"om_disable_all_campaigns":false,"_monsterinsights_skip_tracking":false,"_monsterinsights_sitenote_active":false,"_monsterinsights_sitenote_note":"","_monsterinsights_sitenote_category":0,"footnotes":""},"categories":[34,70,69,22],"tags":[93,2074,439,442,104,79,4982,871],"class_list":["post-43669","post","type-post","status-publish","format-standard","has-post-thumbnail","hentry","category-brasil","category-destaques","category-noticias2","category-seguranca","tag-brasil","tag-homicidios","tag-mortes","tag-parana","tag-policia","tag-policia-militar","tag-policial-militar","tag-suicidio"],"aioseo_notices":[],"_links":{"self":[{"href":"https:\/\/www.portalalerta.com.br\/index.php\/wp-json\/wp\/v2\/posts\/43669","targetHints":{"allow":["GET"]}}],"collection":[{"href":"https:\/\/www.portalalerta.com.br\/index.php\/wp-json\/wp\/v2\/posts"}],"about":[{"href":"https:\/\/www.portalalerta.com.br\/index.php\/wp-json\/wp\/v2\/types\/post"}],"author":[{"embeddable":true,"href":"https:\/\/www.portalalerta.com.br\/index.php\/wp-json\/wp\/v2\/users\/2"}],"replies":[{"embeddable":true,"href":"https:\/\/www.portalalerta.com.br\/index.php\/wp-json\/wp\/v2\/comments?post=43669"}],"version-history":[{"count":1,"href":"https:\/\/www.portalalerta.com.br\/index.php\/wp-json\/wp\/v2\/posts\/43669\/revisions"}],"predecessor-version":[{"id":43671,"href":"https:\/\/www.portalalerta.com.br\/index.php\/wp-json\/wp\/v2\/posts\/43669\/revisions\/43671"}],"wp:featuredmedia":[{"embeddable":true,"href":"https:\/\/www.portalalerta.com.br\/index.php\/wp-json\/wp\/v2\/media\/43670"}],"wp:attachment":[{"href":"https:\/\/www.portalalerta.com.br\/index.php\/wp-json\/wp\/v2\/media?parent=43669"}],"wp:term":[{"taxonomy":"category","embeddable":true,"href":"https:\/\/www.portalalerta.com.br\/index.php\/wp-json\/wp\/v2\/categories?post=43669"},{"taxonomy":"post_tag","embeddable":true,"href":"https:\/\/www.portalalerta.com.br\/index.php\/wp-json\/wp\/v2\/tags?post=43669"}],"curies":[{"name":"wp","href":"https:\/\/api.w.org\/{rel}","templated":true}]}}