{"id":43672,"date":"2022-07-16T16:27:49","date_gmt":"2022-07-16T19:27:49","guid":{"rendered":"https:\/\/www.portalalerta.com.br\/?p=43672"},"modified":"2022-07-16T16:27:51","modified_gmt":"2022-07-16T19:27:51","slug":"policia-prende-acusado-de-uma-serie-de-crimes-em-euclides-da-cunha-ba","status":"publish","type":"post","link":"https:\/\/www.portalalerta.com.br\/index.php\/2022\/07\/16\/policia-prende-acusado-de-uma-serie-de-crimes-em-euclides-da-cunha-ba\/","title":{"rendered":"Pol\u00edcia prende acusado de uma s\u00e9rie de crimes em Euclides da Cunha-BA"},"content":{"rendered":"\n<p>Ap\u00f3s investiga\u00e7\u00e3o realizada pelo Servi\u00e7o de Intelig\u00eancia da delegacia de Euclides da Cunha-BA para solucionar crimes contra o patrim\u00f4nio ocorridos no dia 12 do corrente m\u00eas, em que in\u00fameras v\u00edtimas no bairro Jardim Brasil e Duda Mac\u00e1rio buscaram a delegacia de pol\u00edcia para formalizar ocorr\u00eancia e solicitar provid\u00eancias, foi solicitado o apoio operacional dos policiais militares da 6\u00ba CIA, CETO do 5\u00ba BPM, 1\u00ba CIA de Euclides da Cunha e da SOINT do 5\u00ba BPM, que realizaram dilig\u00eancias em conjunto visando encontrar os respons\u00e1veis pelos crimes em s\u00e9rie contra pessoas e com\u00e9rcios na referida cidade.<\/p>\n\n\n\n<!--more-->\n\n\n\n<div class=\"wp-block-image\"><figure class=\"alignleft size-full is-resized\"><img fetchpriority=\"high\" decoding=\"async\" src=\"https:\/\/www.portalalerta.com.br\/wp-content\/uploads\/2022\/03\/Cred-Real.1.jpg\" alt=\"\" class=\"wp-image-41523\" width=\"383\" height=\"306\" srcset=\"https:\/\/www.portalalerta.com.br\/wp-content\/uploads\/2022\/03\/Cred-Real.1.jpg 500w, https:\/\/www.portalalerta.com.br\/wp-content\/uploads\/2022\/03\/Cred-Real.1-300x240.jpg 300w, https:\/\/www.portalalerta.com.br\/wp-content\/uploads\/2022\/03\/Cred-Real.1-183x146.jpg 183w, https:\/\/www.portalalerta.com.br\/wp-content\/uploads\/2022\/03\/Cred-Real.1-50x40.jpg 50w, https:\/\/www.portalalerta.com.br\/wp-content\/uploads\/2022\/03\/Cred-Real.1-94x75.jpg 94w\" sizes=\"(max-width: 383px) 100vw, 383px\" \/><\/figure><\/div>\n\n\n\n<p>Ap\u00f3s den\u00fancias recebidas atrav\u00e9s do disque den\u00fancia, as for\u00e7as policiais de Euclides da Cunha, compostas por policiais militares da 5\u00ba Batalh\u00e3o e Policiais Civis da delegacia local, localizaram na manh\u00e3 da \u00faltima quinta-feira (14), por volta das 10:30hs, o esconderijo do acusado de iniciais K. C. dos S., de 26 anos de idade, vulgo \u201cMauro\u201d, natural de Sim\u00f5es Filho, suspeito de assaltar a m\u00e3o armada no dia 12\/07\/2022 o supermercado Jardim Brasil e tamb\u00e9m roubar pelo menos tr\u00eas homens que trabalhavam nas obras de cal\u00e7amento da prefeitura no bairro Duda Mac\u00e1rio, foi localizado em uma casa abandonada, onde foi dada voz de pris\u00e3o ao mesmo j\u00e1 que al\u00e9m da identifica\u00e7\u00e3o por v\u00eddeos e fotos, foi encontrado consigo todo material subtra\u00eddo durante sua atividade criminosa, sendo apreendidos: 01(um) aparelho celular Sumsung A12, 01 (um) aparelho celular Samsung A11 e 01 aparelho celular IPhone 11 em um matagal nas proximidades da casa onde \u201cMauro\u201d estava escondido, a quantia de R$ 295,00 e o rev\u00f3lver calibre .38, de marca n\u00e3o identificada e numera\u00e7\u00e3o suprimida. Vale salientar que o IPhone 11 foi entregue pelo acusado a um menor de 14 anos para que fosse escondido no matagal.<\/p>\n\n\n\n<p>O autor, juntamente com o material apreendido, bem como o menor e sua genitora foram conduzidos para a delegacia e apresentados ao delegado plantonista Dr. Carlos Andr\u00e9, para que fosse tomada as medidas legais e cab\u00edveis.<\/p>\n\n\n\n<p><em>Fonte: Rodrygo Ferraz<\/em><\/p>\n","protected":false},"excerpt":{"rendered":"<p>Ap\u00f3s investiga\u00e7\u00e3o realizada pelo Servi\u00e7o de Intelig\u00eancia da delegacia de Euclides da Cunha-BA para solucionar crimes contra o patrim\u00f4nio ocorridos no dia 12 do corrente m\u00eas, em que in\u00fameras v\u00edtimas no bairro Jardim Brasil e Duda Mac\u00e1rio buscaram a delegacia de pol\u00edcia para formalizar ocorr\u00eancia e solicitar provid\u00eancias, foi solicitado o apoio operacional dos policiais &hellip;<\/p>\n","protected":false},"author":2,"featured_media":43673,"comment_status":"open","ping_status":"open","sticky":false,"template":"","format":"standard","meta":{"om_disable_all_campaigns":false,"_monsterinsights_skip_tracking":false,"_monsterinsights_sitenote_active":false,"_monsterinsights_sitenote_note":"","_monsterinsights_sitenote_category":0,"footnotes":""},"categories":[70,17,69,32,22],"tags":[557,387,121,129,122,79,77,1569],"class_list":["post-43672","post","type-post","status-publish","format-standard","has-post-thumbnail","hentry","category-destaques","category-euclides-da-cunha","category-noticias2","category-regiao","category-seguranca","tag-25a-coorpin","tag-5o-bpm","tag-assaltante","tag-euclides-da-cunha","tag-policia-civil","tag-policia-militar","tag-preso","tag-roubos"],"aioseo_notices":[],"_links":{"self":[{"href":"https:\/\/www.portalalerta.com.br\/index.php\/wp-json\/wp\/v2\/posts\/43672","targetHints":{"allow":["GET"]}}],"collection":[{"href":"https:\/\/www.portalalerta.com.br\/index.php\/wp-json\/wp\/v2\/posts"}],"about":[{"href":"https:\/\/www.portalalerta.com.br\/index.php\/wp-json\/wp\/v2\/types\/post"}],"author":[{"embeddable":true,"href":"https:\/\/www.portalalerta.com.br\/index.php\/wp-json\/wp\/v2\/users\/2"}],"replies":[{"embeddable":true,"href":"https:\/\/www.portalalerta.com.br\/index.php\/wp-json\/wp\/v2\/comments?post=43672"}],"version-history":[{"count":1,"href":"https:\/\/www.portalalerta.com.br\/index.php\/wp-json\/wp\/v2\/posts\/43672\/revisions"}],"predecessor-version":[{"id":43674,"href":"https:\/\/www.portalalerta.com.br\/index.php\/wp-json\/wp\/v2\/posts\/43672\/revisions\/43674"}],"wp:featuredmedia":[{"embeddable":true,"href":"https:\/\/www.portalalerta.com.br\/index.php\/wp-json\/wp\/v2\/media\/43673"}],"wp:attachment":[{"href":"https:\/\/www.portalalerta.com.br\/index.php\/wp-json\/wp\/v2\/media?parent=43672"}],"wp:term":[{"taxonomy":"category","embeddable":true,"href":"https:\/\/www.portalalerta.com.br\/index.php\/wp-json\/wp\/v2\/categories?post=43672"},{"taxonomy":"post_tag","embeddable":true,"href":"https:\/\/www.portalalerta.com.br\/index.php\/wp-json\/wp\/v2\/tags?post=43672"}],"curies":[{"name":"wp","href":"https:\/\/api.w.org\/{rel}","templated":true}]}}