{"id":43675,"date":"2022-07-16T16:32:58","date_gmt":"2022-07-16T19:32:58","guid":{"rendered":"https:\/\/www.portalalerta.com.br\/?p=43675"},"modified":"2022-07-16T16:32:59","modified_gmt":"2022-07-16T19:32:59","slug":"policia-descarta-motivacao-politica-em-assassinato-de-petista-por-bolsonarista","status":"publish","type":"post","link":"https:\/\/www.portalalerta.com.br\/index.php\/2022\/07\/16\/policia-descarta-motivacao-politica-em-assassinato-de-petista-por-bolsonarista\/","title":{"rendered":"Pol\u00edcia descarta motiva\u00e7\u00e3o pol\u00edtica em assassinato de petista por bolsonarista"},"content":{"rendered":"\n<p>A Pol\u00edcia Civil do Paran\u00e1 concluiu que n\u00e3o houve motiva\u00e7\u00e3o pol\u00edtica no assassinato de Marcelo Arruda, militante petista e tesoureiro do PT em Foz do Igua\u00e7u, por Jorge Guaranho, bolsonarista que atirou na v\u00edtima.<\/p>\n\n\n\n<!--more-->\n\n\n\n<p>Jorge Guaranho entrou na festa de anivers\u00e1rio de Marcelo Arruda, que comemorava 50 anos, gritando o nome do presidente Jair Bolsonaro (PL) e atirou no petista. O caso aconteceu no \u00faltimo s\u00e1bado (9) e a festa tinha como tema o PT e o ex-presidente Lula.<\/p>\n\n\n\n<p>Nesta sexta-feira (15), a Pol\u00edcia Civil deu uma entrevista coletiva e afirmou que\u00a0Guaranho foi indiciado por homic\u00eddio por motivo torpe, al\u00e9m de causar perigo comum.<\/p>\n\n\n\n<p>Apesar de ter gritado o nome de Bolsonaro ao entrar em uma festa cujo tema era o PT, os investigadores descartaram motiva\u00e7\u00e3o pol\u00edtica. Segundo as autoridades, Guaranho estava em um churrasco, quando soube sobre a festa de Marcelo. Outra pessoa que estava no churrasco teria acessado imagens de c\u00e2meras de seguran\u00e7a do local onde o anivers\u00e1rio acontecia.<\/p>\n\n\n\n<p>A delegada Camila Cecconello afirmou que Jorge Guaranho n\u00e3o fez coment\u00e1rios sobre a festa de Marcelo, mas deixou o churrasco e foi at\u00e9 o local do anivers\u00e1rio do petista.<\/p>\n\n\n\n<p><strong><em>\u201cPara voc\u00ea enquadrar em crime pol\u00edtico, tem que enquadrar em alguns requisitos. \u00c9 complicado a gente dizer que esse homic\u00eddio ocorreu porque o autor queria impedir os direitos pol\u00edticos da v\u00edtima. Ele tinha a inten\u00e7\u00e3o de provocar. E a gente avalia que a escalada da discuss\u00e3o entre os dois fez com que o autor voltasse e praticasse o homic\u00eddio. Parece mais uma coisa que se tornou pessoal\u201d<\/em><\/strong>, justificou a delegada.<\/p>\n\n\n\n<p>Jorge Guaranho foi atingido por Marcelo Arruda e est\u00e1 internado em estado grave. Na \u00faltima segunda (11), ele teve a pris\u00e3o preventiva decretada. A delegada Iane Cardoso informou que foi aberto um inqu\u00e9rito para apurar as agress\u00f5es sofridas por Jorge Guaranho. Tr\u00eas pessoas s\u00e3o investigadas.<\/p>\n\n\n\n<p><em>Fonte: Yahoo Not\u00edcias<\/em><\/p>\n","protected":false},"excerpt":{"rendered":"<p>A Pol\u00edcia Civil do Paran\u00e1 concluiu que n\u00e3o houve motiva\u00e7\u00e3o pol\u00edtica no assassinato de Marcelo Arruda, militante petista e tesoureiro do PT em Foz do Igua\u00e7u, por Jorge Guaranho, bolsonarista que atirou na v\u00edtima.<\/p>\n","protected":false},"author":2,"featured_media":43623,"comment_status":"open","ping_status":"open","sticky":false,"template":"","format":"standard","meta":{"om_disable_all_campaigns":false,"_monsterinsights_skip_tracking":false,"_monsterinsights_sitenote_active":false,"_monsterinsights_sitenote_note":"","_monsterinsights_sitenote_category":0,"footnotes":""},"categories":[34,70,69,22],"tags":[93,206,442,199],"class_list":["post-43675","post","type-post","status-publish","format-standard","has-post-thumbnail","hentry","category-brasil","category-destaques","category-noticias2","category-seguranca","tag-brasil","tag-homicidio","tag-parana","tag-politica"],"aioseo_notices":[],"_links":{"self":[{"href":"https:\/\/www.portalalerta.com.br\/index.php\/wp-json\/wp\/v2\/posts\/43675","targetHints":{"allow":["GET"]}}],"collection":[{"href":"https:\/\/www.portalalerta.com.br\/index.php\/wp-json\/wp\/v2\/posts"}],"about":[{"href":"https:\/\/www.portalalerta.com.br\/index.php\/wp-json\/wp\/v2\/types\/post"}],"author":[{"embeddable":true,"href":"https:\/\/www.portalalerta.com.br\/index.php\/wp-json\/wp\/v2\/users\/2"}],"replies":[{"embeddable":true,"href":"https:\/\/www.portalalerta.com.br\/index.php\/wp-json\/wp\/v2\/comments?post=43675"}],"version-history":[{"count":1,"href":"https:\/\/www.portalalerta.com.br\/index.php\/wp-json\/wp\/v2\/posts\/43675\/revisions"}],"predecessor-version":[{"id":43676,"href":"https:\/\/www.portalalerta.com.br\/index.php\/wp-json\/wp\/v2\/posts\/43675\/revisions\/43676"}],"wp:featuredmedia":[{"embeddable":true,"href":"https:\/\/www.portalalerta.com.br\/index.php\/wp-json\/wp\/v2\/media\/43623"}],"wp:attachment":[{"href":"https:\/\/www.portalalerta.com.br\/index.php\/wp-json\/wp\/v2\/media?parent=43675"}],"wp:term":[{"taxonomy":"category","embeddable":true,"href":"https:\/\/www.portalalerta.com.br\/index.php\/wp-json\/wp\/v2\/categories?post=43675"},{"taxonomy":"post_tag","embeddable":true,"href":"https:\/\/www.portalalerta.com.br\/index.php\/wp-json\/wp\/v2\/tags?post=43675"}],"curies":[{"name":"wp","href":"https:\/\/api.w.org\/{rel}","templated":true}]}}