{"id":43680,"date":"2022-07-16T18:57:14","date_gmt":"2022-07-16T21:57:14","guid":{"rendered":"https:\/\/www.portalalerta.com.br\/?p=43680"},"modified":"2022-07-16T18:57:15","modified_gmt":"2022-07-16T21:57:15","slug":"prefeitura-cria-comissao-especial-para-levantamento-dos-profissionais-do-magisterio-para-rateio-dos-precatorios-em-banzae-ba","status":"publish","type":"post","link":"https:\/\/www.portalalerta.com.br\/index.php\/2022\/07\/16\/prefeitura-cria-comissao-especial-para-levantamento-dos-profissionais-do-magisterio-para-rateio-dos-precatorios-em-banzae-ba\/","title":{"rendered":"Prefeitura cria Comiss\u00e3o Especial para levantamento dos profissionais do magist\u00e9rio, para rateio dos precat\u00f3rios, em Banza\u00ea-BA"},"content":{"rendered":"\n<p>A Prefeitura de Banza\u00ea-BA por meio do Decreto Municipal de N\u00ba 24 de 13 de julho de 2022, criou a Comiss\u00e3o Especial para levantamento dos profissionais do magist\u00e9rio que estavam em cargo, emprego ou fun\u00e7\u00e3o no per\u00edodo&nbsp;indicado na a\u00e7\u00e3o judicial, qual seja, novembro de 1998 a dezembro de 2006,&nbsp;com v\u00ednculo estatut\u00e1rio, celetista, tempor\u00e1rio, bem como aqueles em cargo de&nbsp;comiss\u00e3o ou fun\u00e7\u00e3o gratificada, para o rateio de 60% sobre o valor oriundo dos&nbsp;precat\u00f3rios do FUNDEF.<\/p>\n\n\n\n<!--more-->\n\n\n\n<p>Tem direito os professores, diretores, vice, coordenadores, supervisores, do per\u00edodo citado acima.<\/p>\n\n\n\n<p><a href=\"https:\/\/banzae.ba.gov.br\/wp-content\/uploads\/2022\/07\/e1251e255bd146883bd9ef479a602159.pdf\">DECRETO MUNICIPAL DE N\u00ba 24 DE 13 DE JULHO DE 2022<\/a><\/p>\n\n\n\n<p><em>Fonte: SECOM\/ Banza\u00ea<\/em><\/p>\n","protected":false},"excerpt":{"rendered":"<p>A Prefeitura de Banza\u00ea-BA por meio do Decreto Municipal de N\u00ba 24 de 13 de julho de 2022, criou a Comiss\u00e3o Especial para levantamento dos profissionais do magist\u00e9rio que estavam em cargo, emprego ou fun\u00e7\u00e3o no per\u00edodo&nbsp;indicado na a\u00e7\u00e3o judicial, qual seja, novembro de 1998 a dezembro de 2006,&nbsp;com v\u00ednculo estatut\u00e1rio, celetista, tempor\u00e1rio, bem como &hellip;<\/p>\n","protected":false},"author":2,"featured_media":18533,"comment_status":"open","ping_status":"open","sticky":false,"template":"","format":"standard","meta":{"om_disable_all_campaigns":false,"_monsterinsights_skip_tracking":false,"_monsterinsights_sitenote_active":false,"_monsterinsights_sitenote_note":"","_monsterinsights_sitenote_category":0,"footnotes":""},"categories":[39,70,20,69,32],"tags":[49,1318,145,184],"class_list":["post-43680","post","type-post","status-publish","format-standard","has-post-thumbnail","hentry","category-banzae","category-destaques","category-educacao","category-noticias2","category-regiao","tag-banzae","tag-precatorios","tag-prefeitura","tag-professores"],"aioseo_notices":[],"_links":{"self":[{"href":"https:\/\/www.portalalerta.com.br\/index.php\/wp-json\/wp\/v2\/posts\/43680","targetHints":{"allow":["GET"]}}],"collection":[{"href":"https:\/\/www.portalalerta.com.br\/index.php\/wp-json\/wp\/v2\/posts"}],"about":[{"href":"https:\/\/www.portalalerta.com.br\/index.php\/wp-json\/wp\/v2\/types\/post"}],"author":[{"embeddable":true,"href":"https:\/\/www.portalalerta.com.br\/index.php\/wp-json\/wp\/v2\/users\/2"}],"replies":[{"embeddable":true,"href":"https:\/\/www.portalalerta.com.br\/index.php\/wp-json\/wp\/v2\/comments?post=43680"}],"version-history":[{"count":1,"href":"https:\/\/www.portalalerta.com.br\/index.php\/wp-json\/wp\/v2\/posts\/43680\/revisions"}],"predecessor-version":[{"id":43681,"href":"https:\/\/www.portalalerta.com.br\/index.php\/wp-json\/wp\/v2\/posts\/43680\/revisions\/43681"}],"wp:featuredmedia":[{"embeddable":true,"href":"https:\/\/www.portalalerta.com.br\/index.php\/wp-json\/wp\/v2\/media\/18533"}],"wp:attachment":[{"href":"https:\/\/www.portalalerta.com.br\/index.php\/wp-json\/wp\/v2\/media?parent=43680"}],"wp:term":[{"taxonomy":"category","embeddable":true,"href":"https:\/\/www.portalalerta.com.br\/index.php\/wp-json\/wp\/v2\/categories?post=43680"},{"taxonomy":"post_tag","embeddable":true,"href":"https:\/\/www.portalalerta.com.br\/index.php\/wp-json\/wp\/v2\/tags?post=43680"}],"curies":[{"name":"wp","href":"https:\/\/api.w.org\/{rel}","templated":true}]}}