{"id":43682,"date":"2022-07-16T19:16:15","date_gmt":"2022-07-16T22:16:15","guid":{"rendered":"https:\/\/www.portalalerta.com.br\/?p=43682"},"modified":"2022-07-16T19:16:16","modified_gmt":"2022-07-16T22:16:16","slug":"prefeito-de-simao-dias-se-e-acusado-de-importunacao-sexual-e-rebate-acusacao","status":"publish","type":"post","link":"https:\/\/www.portalalerta.com.br\/index.php\/2022\/07\/16\/prefeito-de-simao-dias-se-e-acusado-de-importunacao-sexual-e-rebate-acusacao\/","title":{"rendered":"Prefeito de Sim\u00e3o Dias (SE) \u00e9 acusado de importuna\u00e7\u00e3o sexual e rebate acusa\u00e7\u00e3o"},"content":{"rendered":"\n<p>O prefeito de Sim\u00e3o Dias, no Sul de Sergipe, Cristiano Viana (PSB) foi alvo de uma den\u00fancia de importuna\u00e7\u00e3o sexual por parte de uma moradora da cidade, identificada como Mikaelly Dias, de 25 anos. Segundo ela, as investidas do prefeito acontecem desde a companha de 2020.<\/p>\n\n\n\n<!--more-->\n\n\n\n<p>No relato a jovem afirma que o \u00faltimo contato com Viana, a mesma pediu ajuda para a compra de um port\u00e3o. <strong><em>\u201cEu tinha um relacionamento h\u00e9tero, mas desde a campanha Cristiano vinha dando em cima de mim, s\u00f3 que eu nunca dei essa liberdade. Quando ele ganhou, fui pedir ajuda a ele. Quando me via pessoalmente ele dizia que n\u00e3o esquecia que no passado eu n\u00e3o quis ele. At\u00e9 uma receita m\u00e9dica ele me negava\u201d<\/em><\/strong>, come\u00e7ou ela em entrevista \u00e0 r\u00e1dio Fan Fm, na \u00faltima quinta-feira (14).<\/p>\n\n\n\n<div class=\"wp-block-image\"><figure class=\"alignleft size-full is-resized\"><img fetchpriority=\"high\" decoding=\"async\" src=\"https:\/\/www.portalalerta.com.br\/wp-content\/uploads\/2022\/03\/Cred-Real.1.jpg\" alt=\"\" class=\"wp-image-41523\" width=\"376\" height=\"301\" srcset=\"https:\/\/www.portalalerta.com.br\/wp-content\/uploads\/2022\/03\/Cred-Real.1.jpg 500w, https:\/\/www.portalalerta.com.br\/wp-content\/uploads\/2022\/03\/Cred-Real.1-300x240.jpg 300w, https:\/\/www.portalalerta.com.br\/wp-content\/uploads\/2022\/03\/Cred-Real.1-183x146.jpg 183w, https:\/\/www.portalalerta.com.br\/wp-content\/uploads\/2022\/03\/Cred-Real.1-50x40.jpg 50w, https:\/\/www.portalalerta.com.br\/wp-content\/uploads\/2022\/03\/Cred-Real.1-94x75.jpg 94w\" sizes=\"(max-width: 376px) 100vw, 376px\" \/><\/figure><\/div>\n\n\n\n<p>No \u00faltimo contato por mensagem, Mikaelly disse que o prefeito afirmou que n\u00e3o lembrava dela e a jovem mandou uma foto do rosto. Na sequ\u00eancia, Viana teria dito que se lembraria melhor dela se uma foto nua fosse enviada. <strong><em>\u201cEle costumava mais ligar do que mensagem desde a campanha. Ele prometeu emprego caso eu ficasse com ele. Se eu tivesse rela\u00e7\u00f5es com ele eu teria um emprego, mas eu n\u00e3o quis\u201d<\/em><\/strong>.<\/p>\n\n\n\n<p>Ap\u00f3s saber que Mikaelly estaria divulgando trechos da conversa, Viana ligou para Dias. <strong><em>\u201cVoc\u00ea t\u00e1 tirando prints das conversas minha pra algu\u00e9m \u00e9? Isso d\u00e1 processo\u201d,<\/em><\/strong> disse o prefeito em tom de amea\u00e7a. A mulher disse que vai prestar um boletim de ocorr\u00eancia sobre o caso. Mikaelly ainda disse que outras mulheres tamb\u00e9m j\u00e1 passaram por situa\u00e7\u00e3o semelhante, mas que nem todas tem a coragem de denunciar.<\/p>\n\n\n\n<p><strong>O que disse o prefeito<\/strong><\/p>\n\n\n\n<p><strong><em>\u201cEla n\u00e3o mostra nos prints as falas dela tentando me seduzir. Tenho testemunha de que ela estava tentando extorquir dinheiro desde a semana passada para que isso n\u00e3o chegasse \u00e0 imprensa. Essa quest\u00e3o infelizmente \u00e9 pol\u00edtica. Infelizmente nossos advers\u00e1rios s\u00e3o bem desorganizados e desde a semana passada um filho de ex-prefeito vem mandando esse material pra sites de Aracaju. Tudo uma trama formada\u201d<\/em><\/strong>, disse Viana em entrevista \u00e0 r\u00e1dio Fan Fm.<\/p>\n\n\n\n<p>O prefeito diz estar certo de que n\u00e3o cometeu nenhum crime. <strong><em>\u201cMuito tranquilo, n\u00e3o assediei, n\u00e3o houve esse tipo de promessa de emprego. Ela \u00e9 correligion\u00e1ria de outro grupo ent\u00e3o n\u00e3o tinha porque eu estar prometendo nenhum tipo de benef\u00edcio. Tenho todas as provas. Isso \u00e9 cunho pol\u00edtico\u201d<\/em><\/strong>, disse.<\/p>\n\n\n\n<p>Sobre o pedido de foto nua de Mikaelly, Viana disse que <strong><em>\u2018tem todo um contexto\u2019<\/em><\/strong>, mas n\u00e3o deu detalhes e reafirmou que est\u00e1 tranquilo sobre o caso que ser\u00e1 levado \u00e0 Justi\u00e7a.<\/p>\n\n\n\n<p><em>Fonte: Rodrygo Ferraz<\/em><\/p>\n","protected":false},"excerpt":{"rendered":"<p>O prefeito de Sim\u00e3o Dias, no Sul de Sergipe, Cristiano Viana (PSB) foi alvo de uma den\u00fancia de importuna\u00e7\u00e3o sexual por parte de uma moradora da cidade, identificada como Mikaelly Dias, de 25 anos. Segundo ela, as investidas do prefeito acontecem desde a companha de 2020.<\/p>\n","protected":false},"author":2,"featured_media":43683,"comment_status":"open","ping_status":"open","sticky":false,"template":"","format":"standard","meta":{"om_disable_all_campaigns":false,"_monsterinsights_skip_tracking":false,"_monsterinsights_sitenote_active":false,"_monsterinsights_sitenote_note":"","_monsterinsights_sitenote_category":0,"footnotes":""},"categories":[34,70,69,21],"tags":[93,152,2303,198,114,629],"class_list":["post-43682","post","type-post","status-publish","format-standard","has-post-thumbnail","hentry","category-brasil","category-destaques","category-noticias2","category-politica","tag-brasil","tag-denuncia","tag-importunacao-sexual","tag-prefeito","tag-sergipe","tag-simao-dias"],"aioseo_notices":[],"_links":{"self":[{"href":"https:\/\/www.portalalerta.com.br\/index.php\/wp-json\/wp\/v2\/posts\/43682","targetHints":{"allow":["GET"]}}],"collection":[{"href":"https:\/\/www.portalalerta.com.br\/index.php\/wp-json\/wp\/v2\/posts"}],"about":[{"href":"https:\/\/www.portalalerta.com.br\/index.php\/wp-json\/wp\/v2\/types\/post"}],"author":[{"embeddable":true,"href":"https:\/\/www.portalalerta.com.br\/index.php\/wp-json\/wp\/v2\/users\/2"}],"replies":[{"embeddable":true,"href":"https:\/\/www.portalalerta.com.br\/index.php\/wp-json\/wp\/v2\/comments?post=43682"}],"version-history":[{"count":1,"href":"https:\/\/www.portalalerta.com.br\/index.php\/wp-json\/wp\/v2\/posts\/43682\/revisions"}],"predecessor-version":[{"id":43684,"href":"https:\/\/www.portalalerta.com.br\/index.php\/wp-json\/wp\/v2\/posts\/43682\/revisions\/43684"}],"wp:featuredmedia":[{"embeddable":true,"href":"https:\/\/www.portalalerta.com.br\/index.php\/wp-json\/wp\/v2\/media\/43683"}],"wp:attachment":[{"href":"https:\/\/www.portalalerta.com.br\/index.php\/wp-json\/wp\/v2\/media?parent=43682"}],"wp:term":[{"taxonomy":"category","embeddable":true,"href":"https:\/\/www.portalalerta.com.br\/index.php\/wp-json\/wp\/v2\/categories?post=43682"},{"taxonomy":"post_tag","embeddable":true,"href":"https:\/\/www.portalalerta.com.br\/index.php\/wp-json\/wp\/v2\/tags?post=43682"}],"curies":[{"name":"wp","href":"https:\/\/api.w.org\/{rel}","templated":true}]}}