{"id":43688,"date":"2022-07-16T19:47:23","date_gmt":"2022-07-16T22:47:23","guid":{"rendered":"https:\/\/www.portalalerta.com.br\/?p=43688"},"modified":"2022-07-16T19:47:25","modified_gmt":"2022-07-16T22:47:25","slug":"jovem-de-24-anos-e-morto-a-tiros-em-santo-antonio-de-jesus-policia-sustenta-a-tese-de-auto-de-resistencia","status":"publish","type":"post","link":"https:\/\/www.portalalerta.com.br\/index.php\/2022\/07\/16\/jovem-de-24-anos-e-morto-a-tiros-em-santo-antonio-de-jesus-policia-sustenta-a-tese-de-auto-de-resistencia\/","title":{"rendered":"Jovem de 24 anos \u00e9 morto a tiros em Santo Ant\u00f4nio de Jesus; Pol\u00edcia sustenta a tese de Auto de Resist\u00eancia!"},"content":{"rendered":"\n<p>Um jovem de 24 anos foi morto a tiros na manh\u00e3 desta sexta-feira (15), na cidade de\u00a0Santo Ant\u00f4nio de Jesus, no rec\u00f4ncavo baiano. A fam\u00edlia de Daniel da Cruz de Jesus afirma que ele foi assassinado por um policial militar.<\/p>\n\n\n\n<!--more-->\n\n\n\n<p>O caso aconteceu no bairro Irm\u00e3 Dulce. Durante a tarde, os familiares de Daniel fizeram um protesto em frente ao Departamento de Pol\u00edcia T\u00e9cnica (DPT), onde o corpo era necropsiado, com pedidos de justi\u00e7a.<\/p>\n\n\n\n<figure class=\"wp-block-image size-full\"><img fetchpriority=\"high\" decoding=\"async\" width=\"984\" height=\"614\" src=\"https:\/\/www.portalalerta.com.br\/wp-content\/uploads\/2022\/07\/Daniel-da-Cruz-de-Jesus.jpg\" alt=\"\" class=\"wp-image-43689\" srcset=\"https:\/\/www.portalalerta.com.br\/wp-content\/uploads\/2022\/07\/Daniel-da-Cruz-de-Jesus.jpg 984w, https:\/\/www.portalalerta.com.br\/wp-content\/uploads\/2022\/07\/Daniel-da-Cruz-de-Jesus-385x240.jpg 385w, https:\/\/www.portalalerta.com.br\/wp-content\/uploads\/2022\/07\/Daniel-da-Cruz-de-Jesus-768x479.jpg 768w\" sizes=\"(max-width: 984px) 100vw, 984px\" \/><figcaption>Jovem de 24 anos \u00e9 morto a tiros em Santo Ant\u00f4nio de Jesus \u2014 Foto: Reprodu\u00e7\u00e3o\/TV Suba\u00e9<\/figcaption><\/figure>\n\n\n\n<p>Segundo os familiares, \u00e9 comum policiais entrarem no bairro e agredirem jovens. Em nota, a Pol\u00edcia Civil informou que investiga o caso e vai apurar as alega\u00e7\u00f5es da equipe da PM, envolvida na a\u00e7\u00e3o, al\u00e9m de analisar poss\u00edveis imagens de c\u00e2meras de seguran\u00e7a.<\/p>\n\n\n\n<p>De acordo com o 14\u00ba BPM, a guarni\u00e7\u00e3o respons\u00e1vel pela Opera\u00e7\u00e3o For\u00e7a Total, apreendeu um rev\u00f3lver de calibre 38 e drogas. A equipe realizava rondas na regi\u00e3o e, ao tentar abordar um homem ao longo do percurso, foi recebida a tiros. No revide, o indiv\u00edduo foi atingido, desarmado e socorrido imediatamente ao Hospital Regional de Santo Ant\u00f4nio de Jesus, mas n\u00e3o resistiu.<\/p>\n\n\n\n<p>Al\u00e9m da arma de fogo, tamb\u00e9m foram apreendidos com o suspeito: 19 pedras crack, um envelope de coca\u00edna, dois papelotes e uma por\u00e7\u00e3o de maconha prensada. A ocorr\u00eancia foi registrada da 1\u00aa Delegacia Territorial do munic\u00edpio.<\/p>\n\n\n\n<p><strong>Confira o v\u00eddeo:<\/strong><\/p>\n\n\n\n<blockquote class=\"twitter-tweet\"><p lang=\"pt\" dir=\"ltr\">SAJ: Pol\u00edcia se pronuncia sobre v\u00eddeo no Mutum e reafirma que foi auto de resist\u00eancia <a href=\"https:\/\/t.co\/uwFhINkgUG\">https:\/\/t.co\/uwFhINkgUG<\/a> <a href=\"https:\/\/t.co\/5mOAC9Rj64\">pic.twitter.com\/5mOAC9Rj64<\/a><\/p>&mdash; BN Munic\u00edpios (@BNMunicipios) <a href=\"https:\/\/twitter.com\/BNMunicipios\/status\/1548083002579660800?ref_src=twsrc%5Etfw\">July 15, 2022<\/a><\/blockquote> <script async src=\"https:\/\/platform.twitter.com\/widgets.js\" charset=\"utf-8\"><\/script>\n\n\n\n<p><em>Fonte: G1 e Voz da Bahia<\/em><\/p>\n","protected":false},"excerpt":{"rendered":"<p>Um jovem de 24 anos foi morto a tiros na manh\u00e3 desta sexta-feira (15), na cidade de\u00a0Santo Ant\u00f4nio de Jesus, no rec\u00f4ncavo baiano. A fam\u00edlia de Daniel da Cruz de Jesus afirma que ele foi assassinado por um policial militar.<\/p>\n","protected":false},"author":2,"featured_media":43690,"comment_status":"open","ping_status":"open","sticky":false,"template":"","format":"standard","meta":{"om_disable_all_campaigns":false,"_monsterinsights_skip_tracking":false,"_monsterinsights_sitenote_active":false,"_monsterinsights_sitenote_note":"","_monsterinsights_sitenote_category":0,"footnotes":""},"categories":[33,70,69,22],"tags":[756,54,206,79,533,397],"class_list":["post-43688","post","type-post","status-publish","format-standard","has-post-thumbnail","hentry","category-bahia","category-destaques","category-noticias2","category-seguranca","tag-auto-de-resistencia","tag-bahia","tag-homicidio","tag-policia-militar","tag-santo-antonio-de-jesus","tag-seguranca"],"aioseo_notices":[],"_links":{"self":[{"href":"https:\/\/www.portalalerta.com.br\/index.php\/wp-json\/wp\/v2\/posts\/43688","targetHints":{"allow":["GET"]}}],"collection":[{"href":"https:\/\/www.portalalerta.com.br\/index.php\/wp-json\/wp\/v2\/posts"}],"about":[{"href":"https:\/\/www.portalalerta.com.br\/index.php\/wp-json\/wp\/v2\/types\/post"}],"author":[{"embeddable":true,"href":"https:\/\/www.portalalerta.com.br\/index.php\/wp-json\/wp\/v2\/users\/2"}],"replies":[{"embeddable":true,"href":"https:\/\/www.portalalerta.com.br\/index.php\/wp-json\/wp\/v2\/comments?post=43688"}],"version-history":[{"count":1,"href":"https:\/\/www.portalalerta.com.br\/index.php\/wp-json\/wp\/v2\/posts\/43688\/revisions"}],"predecessor-version":[{"id":43691,"href":"https:\/\/www.portalalerta.com.br\/index.php\/wp-json\/wp\/v2\/posts\/43688\/revisions\/43691"}],"wp:featuredmedia":[{"embeddable":true,"href":"https:\/\/www.portalalerta.com.br\/index.php\/wp-json\/wp\/v2\/media\/43690"}],"wp:attachment":[{"href":"https:\/\/www.portalalerta.com.br\/index.php\/wp-json\/wp\/v2\/media?parent=43688"}],"wp:term":[{"taxonomy":"category","embeddable":true,"href":"https:\/\/www.portalalerta.com.br\/index.php\/wp-json\/wp\/v2\/categories?post=43688"},{"taxonomy":"post_tag","embeddable":true,"href":"https:\/\/www.portalalerta.com.br\/index.php\/wp-json\/wp\/v2\/tags?post=43688"}],"curies":[{"name":"wp","href":"https:\/\/api.w.org\/{rel}","templated":true}]}}