{"id":44048,"date":"2022-08-03T08:57:08","date_gmt":"2022-08-03T11:57:08","guid":{"rendered":"https:\/\/www.portalalerta.com.br\/?p=44048"},"modified":"2022-08-03T08:57:09","modified_gmt":"2022-08-03T11:57:09","slug":"variola-dos-macacos-morte-em-mg-pode-nao-ter-sido-pela-doenca","status":"publish","type":"post","link":"https:\/\/www.portalalerta.com.br\/index.php\/2022\/08\/03\/variola-dos-macacos-morte-em-mg-pode-nao-ter-sido-pela-doenca\/","title":{"rendered":"Var\u00edola dos macacos: morte em MG pode n\u00e3o ter sido pela doen\u00e7a"},"content":{"rendered":"\n<p>A Secretaria de Sa\u00fade de Minas Gerais investiga se a 1\u00aa morte registrada pela var\u00edola dos macacos no Brasil ocorreu, de fato, em decorr\u00eancia das complica\u00e7\u00f5es da doen\u00e7a.<\/p>\n\n\n\n<!--more-->\n\n\n\n<p>O\u00a0Minist\u00e9rio da Sa\u00fade confirmou, no dia 29 de julho, a morte de um paciente\u00a0de 41 anos que estava infectado pela\u00a0<em>Monkeypox\u00a0<\/em>em Belo Horizonte<em>.<\/em>\u00a0A causa principal do \u00f3bito foi registrada como <strong><em>&#8220;choque s\u00e9ptico, agravada pelo\u00a0Monkeypox\u00a0(var\u00edola dos macacos)&#8221;<\/em><\/strong>, conforme nota enviada \u00e0 imprensa.<\/p>\n\n\n\n<p>O paciente, segundo o Minist\u00e9rio da Sa\u00fade, tinha <strong><em>&#8220;imunidade baixa e comorbidades, incluindo um c\u00e2ncer (linfoma), e que o levaram ao agravamento do quadro&#8221;<\/em><\/strong>. A morte foi anunciada como a primeira no mundo a acontecer fora do continente africano.<\/p>\n\n\n\n<div class=\"wp-block-image\"><figure class=\"aligncenter size-full\"><img fetchpriority=\"high\" decoding=\"async\" width=\"720\" height=\"181\" src=\"https:\/\/www.portalalerta.com.br\/wp-content\/uploads\/2018\/02\/Auto-Escola-Nobre.jpg\" alt=\"\" class=\"wp-image-4869\" srcset=\"https:\/\/www.portalalerta.com.br\/wp-content\/uploads\/2018\/02\/Auto-Escola-Nobre.jpg 720w, https:\/\/www.portalalerta.com.br\/wp-content\/uploads\/2018\/02\/Auto-Escola-Nobre-260x65.jpg 260w, https:\/\/www.portalalerta.com.br\/wp-content\/uploads\/2018\/02\/Auto-Escola-Nobre-50x13.jpg 50w, https:\/\/www.portalalerta.com.br\/wp-content\/uploads\/2018\/02\/Auto-Escola-Nobre-150x38.jpg 150w\" sizes=\"(max-width: 720px) 100vw, 720px\" \/><\/figure><\/div>\n\n\n\n<p>Contudo, a SES-MG e a pr\u00f3pria pasta federal mant\u00e9m aberta uma investiga\u00e7\u00e3o que apura se o paciente morreu devido \u00e0s complica\u00e7\u00f5es da var\u00edola dos macacos.<\/p>\n\n\n\n<p><strong><em>&#8220;At\u00e9 o momento, n\u00e3o d\u00e1 para inserir que o \u00f3bito foi provocado diretamente pela Monkeypox. A informa\u00e7\u00e3o que temos \u00e9 que o paciente estava tamb\u00e9m com essa condi\u00e7\u00e3o (combina\u00e7\u00e3o de linfoma e diagn\u00f3stico de var\u00edola dos macacos) e pode ter sido um gatilho para outras infec\u00e7\u00f5es&#8221;<\/em><\/strong><em>, <\/em>informou a sub-secret\u00e1ria de Vigil\u00e2ncia em Sa\u00fade da SES-MG, H\u00e9rica Vieira Santos.<\/p>\n\n\n\n<p>Segundo ela, t\u00e9cnicos da Secretaria de Sa\u00fade de Minas Gerais e o Minist\u00e9rio da Sa\u00fade seguem investigando o impacto e a influ\u00eancia da var\u00edola dos macacos no \u00f3bito do paciente.<\/p>\n\n\n\n<p><strong>Mais de mil casos<\/strong><\/p>\n\n\n\n<p>O Brasil j\u00e1 tem mais de mil casos de\u00a0var\u00edola dos macacos\u00a0no pa\u00eds e, agora, o\u00a0Minist\u00e9rio da Sa\u00fade trata a situa\u00e7\u00e3o como um \u201csurto\u201d da doen\u00e7a. O termo foi usado pela primeira vez em uma nota emitida pela pasta na noite de quinta-feira (28).<\/p>\n\n\n\n<p>Na epidemiologia, um \u201csurto\u201d \u00e9 a situa\u00e7\u00e3o que identifica quantidades acima do normal para doen\u00e7as contagiosas. Esse seria o primeiro est\u00e1gio da escala de cont\u00e1gio, podendo depois vir a se tornar uma epidemia.<\/p>\n\n\n\n<p>O \u00faltimo boletim divulgado pelo Minist\u00e9rio da Sa\u00fade, nesta segunda-feira (1\u00ba), fala em 1.369 casos da var\u00edola dos macacos no pa\u00eds, sendo que 17 estados j\u00e1 detectaram casos da doen\u00e7a. S\u00e3o Paulo \u00e9 a unidade da federa\u00e7\u00e3o com mais casos, 1.031 ocorr\u00eancias.<\/p>\n\n\n\n<p>A pasta informou ainda que vai instaurar um Centro de Opera\u00e7\u00e3o em Emerg\u00eancias para acompanhar a situa\u00e7\u00e3o epidemiol\u00f3gica e elaborar um plano de vacina\u00e7\u00e3o contra a var\u00edola dos macacos. A inaugura\u00e7\u00e3o ocorreu nesta sexta-feira (29).<\/p>\n\n\n\n<p><em>Fonte: Yahoo Not\u00edcias<\/em><\/p>\n","protected":false},"excerpt":{"rendered":"<p>A Secretaria de Sa\u00fade de Minas Gerais investiga se a 1\u00aa morte registrada pela var\u00edola dos macacos no Brasil ocorreu, de fato, em decorr\u00eancia das complica\u00e7\u00f5es da doen\u00e7a.<\/p>\n","protected":false},"author":2,"featured_media":43273,"comment_status":"open","ping_status":"open","sticky":false,"template":"","format":"standard","meta":{"om_disable_all_campaigns":false,"_monsterinsights_skip_tracking":false,"_monsterinsights_sitenote_active":false,"_monsterinsights_sitenote_note":"","_monsterinsights_sitenote_category":0,"footnotes":""},"categories":[34,70,69,19],"tags":[93,357,169,61,5538],"class_list":["post-44048","post","type-post","status-publish","format-standard","has-post-thumbnail","hentry","category-brasil","category-destaques","category-noticias2","category-saude","tag-brasil","tag-minas-gerais","tag-morte","tag-saude","tag-variola-dos-macacos"],"aioseo_notices":[],"_links":{"self":[{"href":"https:\/\/www.portalalerta.com.br\/index.php\/wp-json\/wp\/v2\/posts\/44048","targetHints":{"allow":["GET"]}}],"collection":[{"href":"https:\/\/www.portalalerta.com.br\/index.php\/wp-json\/wp\/v2\/posts"}],"about":[{"href":"https:\/\/www.portalalerta.com.br\/index.php\/wp-json\/wp\/v2\/types\/post"}],"author":[{"embeddable":true,"href":"https:\/\/www.portalalerta.com.br\/index.php\/wp-json\/wp\/v2\/users\/2"}],"replies":[{"embeddable":true,"href":"https:\/\/www.portalalerta.com.br\/index.php\/wp-json\/wp\/v2\/comments?post=44048"}],"version-history":[{"count":1,"href":"https:\/\/www.portalalerta.com.br\/index.php\/wp-json\/wp\/v2\/posts\/44048\/revisions"}],"predecessor-version":[{"id":44049,"href":"https:\/\/www.portalalerta.com.br\/index.php\/wp-json\/wp\/v2\/posts\/44048\/revisions\/44049"}],"wp:featuredmedia":[{"embeddable":true,"href":"https:\/\/www.portalalerta.com.br\/index.php\/wp-json\/wp\/v2\/media\/43273"}],"wp:attachment":[{"href":"https:\/\/www.portalalerta.com.br\/index.php\/wp-json\/wp\/v2\/media?parent=44048"}],"wp:term":[{"taxonomy":"category","embeddable":true,"href":"https:\/\/www.portalalerta.com.br\/index.php\/wp-json\/wp\/v2\/categories?post=44048"},{"taxonomy":"post_tag","embeddable":true,"href":"https:\/\/www.portalalerta.com.br\/index.php\/wp-json\/wp\/v2\/tags?post=44048"}],"curies":[{"name":"wp","href":"https:\/\/api.w.org\/{rel}","templated":true}]}}