{"id":44055,"date":"2022-08-03T09:34:05","date_gmt":"2022-08-03T12:34:05","guid":{"rendered":"https:\/\/www.portalalerta.com.br\/?p=44055"},"modified":"2022-08-03T09:34:07","modified_gmt":"2022-08-03T12:34:07","slug":"chapa-100-feminina-mdb-oficializa-mara-gabrilli-como-vice-de-simone-tebet","status":"publish","type":"post","link":"https:\/\/www.portalalerta.com.br\/index.php\/2022\/08\/03\/chapa-100-feminina-mdb-oficializa-mara-gabrilli-como-vice-de-simone-tebet\/","title":{"rendered":"Chapa 100% feminina: MDB oficializa Mara Gabrilli como vice de Simone Tebet"},"content":{"rendered":"\n<p>Deficiente f\u00edsica, senadora do PSDB \u00e9 formada em psicologia e publicidade<\/p>\n\n\n\n<!--more-->\n\n\n\n<p>O MDB oficializou, nesta ter\u00e7a-feira, a&nbsp;senadora&nbsp;Mara Gabrilli&nbsp;(PSDB) como vice na chapa da tamb\u00e9m senadora Simone Tebet,&nbsp;candidata \u00e0 Presid\u00eancia da Rep\u00fablica.<\/p>\n\n\n\n<p><strong><em>\u201cEu tinha d\u00favida se uma chapa 100% feminina seria aceita. Que bom que as [pesquisas] qualitativas mostraram que homens e mulheres est\u00e3o prontos para votar nessa chapa&#8217;\u201d<\/em><\/strong>, declarou Tebet.<\/p>\n\n\n\n<p>O an\u00fancio foi feito na cidade de&nbsp;S\u00e3o Paulo, com a presen\u00e7a dos presidentes dos tr\u00eas partidos da alian\u00e7a &#8211; Baleia Rossi (MDB), Bruno Ara\u00fajo (PSDB), Roberto Freire (Cidadania) &#8211; e o senador Tasso Jereissati (PSDB).<\/p>\n\n\n\n<p>Deficiente f\u00edsica, Mara Cristina Gabrilli \u00e9 formada em psicologia e publicidade. Ela \u00e9 senadora em S\u00e3o Paulo desde 2018.<\/p>\n\n\n\n<p><em>Fonte: Metro1<\/em><\/p>\n","protected":false},"excerpt":{"rendered":"<p>Deficiente f\u00edsica, senadora do PSDB \u00e9 formada em psicologia e publicidade<\/p>\n","protected":false},"author":2,"featured_media":44056,"comment_status":"open","ping_status":"open","sticky":false,"template":"","format":"standard","meta":{"om_disable_all_campaigns":false,"_monsterinsights_skip_tracking":false,"_monsterinsights_sitenote_active":false,"_monsterinsights_sitenote_note":"","_monsterinsights_sitenote_category":0,"footnotes":""},"categories":[34,70,69,21],"tags":[93,3181,5539,643,199,1152,4892],"class_list":["post-44055","post","type-post","status-publish","format-standard","has-post-thumbnail","hentry","category-brasil","category-destaques","category-noticias2","category-politica","tag-brasil","tag-eleicoes-2022","tag-mara-gabrilli","tag-mdb","tag-politica","tag-presidente-da-republica","tag-simone-tebet"],"aioseo_notices":[],"_links":{"self":[{"href":"https:\/\/www.portalalerta.com.br\/index.php\/wp-json\/wp\/v2\/posts\/44055","targetHints":{"allow":["GET"]}}],"collection":[{"href":"https:\/\/www.portalalerta.com.br\/index.php\/wp-json\/wp\/v2\/posts"}],"about":[{"href":"https:\/\/www.portalalerta.com.br\/index.php\/wp-json\/wp\/v2\/types\/post"}],"author":[{"embeddable":true,"href":"https:\/\/www.portalalerta.com.br\/index.php\/wp-json\/wp\/v2\/users\/2"}],"replies":[{"embeddable":true,"href":"https:\/\/www.portalalerta.com.br\/index.php\/wp-json\/wp\/v2\/comments?post=44055"}],"version-history":[{"count":1,"href":"https:\/\/www.portalalerta.com.br\/index.php\/wp-json\/wp\/v2\/posts\/44055\/revisions"}],"predecessor-version":[{"id":44057,"href":"https:\/\/www.portalalerta.com.br\/index.php\/wp-json\/wp\/v2\/posts\/44055\/revisions\/44057"}],"wp:featuredmedia":[{"embeddable":true,"href":"https:\/\/www.portalalerta.com.br\/index.php\/wp-json\/wp\/v2\/media\/44056"}],"wp:attachment":[{"href":"https:\/\/www.portalalerta.com.br\/index.php\/wp-json\/wp\/v2\/media?parent=44055"}],"wp:term":[{"taxonomy":"category","embeddable":true,"href":"https:\/\/www.portalalerta.com.br\/index.php\/wp-json\/wp\/v2\/categories?post=44055"},{"taxonomy":"post_tag","embeddable":true,"href":"https:\/\/www.portalalerta.com.br\/index.php\/wp-json\/wp\/v2\/tags?post=44055"}],"curies":[{"name":"wp","href":"https:\/\/api.w.org\/{rel}","templated":true}]}}