{"id":44058,"date":"2022-08-03T10:26:44","date_gmt":"2022-08-03T13:26:44","guid":{"rendered":"https:\/\/www.portalalerta.com.br\/?p=44058"},"modified":"2022-08-03T11:06:53","modified_gmt":"2022-08-03T14:06:53","slug":"acao-conjunta-entre-guardas-municipais-e-prf-recupera-veiculo-roubado-em-tucano-ba","status":"publish","type":"post","link":"https:\/\/www.portalalerta.com.br\/index.php\/2022\/08\/03\/acao-conjunta-entre-guardas-municipais-e-prf-recupera-veiculo-roubado-em-tucano-ba\/","title":{"rendered":"A\u00e7\u00e3o conjunta entre Guardas Municipais e PRF recupera ve\u00edculo roubado, em Tucano-BA"},"content":{"rendered":"\n<p>Por volta das 14hs da \u00faltima segunda-feira (1\u00ba), Guardas Civis das Rondas Ostensivas Municipais de Tucano (ROMU), em a\u00e7\u00e3o conjunta com Policiais Rodovi\u00e1rios Federais, recuperaram um ve\u00edculo roubado, em Tucano-BA.<\/p>\n\n\n\n<!--more-->\n\n\n\n<div class=\"wp-block-image\"><figure class=\"alignleft size-full is-resized\"><img fetchpriority=\"high\" decoding=\"async\" src=\"https:\/\/www.portalalerta.com.br\/wp-content\/uploads\/2021\/04\/ELAB.jpg\" alt=\"\" class=\"wp-image-34795\" width=\"475\" height=\"379\" srcset=\"https:\/\/www.portalalerta.com.br\/wp-content\/uploads\/2021\/04\/ELAB.jpg 1000w, https:\/\/www.portalalerta.com.br\/wp-content\/uploads\/2021\/04\/ELAB-300x240.jpg 300w, https:\/\/www.portalalerta.com.br\/wp-content\/uploads\/2021\/04\/ELAB-768x614.jpg 768w, https:\/\/www.portalalerta.com.br\/wp-content\/uploads\/2021\/04\/ELAB-183x146.jpg 183w, https:\/\/www.portalalerta.com.br\/wp-content\/uploads\/2021\/04\/ELAB-50x40.jpg 50w, https:\/\/www.portalalerta.com.br\/wp-content\/uploads\/2021\/04\/ELAB-94x75.jpg 94w\" sizes=\"(max-width: 475px) 100vw, 475px\" \/><\/figure><\/div>\n\n\n\n<p>O ve\u00edculo Ford Ka de cor branca, ostentava Placa Policial QNA 5F01, com licen\u00e7a de Jequi\u00e9-BA, foi encontrado estacionado, e ap\u00f3s consulta dos dados identificadores junto ao Sistema de Seguran\u00e7a P\u00fablica, foi constatado se tratar de outro ve\u00edculo, cuja placa original seria QNJ 4F69, com licen\u00e7a de Salvador-BA, com registro de furto\/ roubo. Um homem identificado pelas iniciais A.M.C, se apresentou como o respons\u00e1vel pelo ve\u00edculo, afirmando que tinha alugado o carro por um valor de R$ 8mil, que teria sido pago a um taxista de Tucano, conhecido como \u201cFio V\u00e9io\u201d. \u00a0<\/p>\n\n\n\n<p>O homem, bem como o ve\u00edculo, foi apresentado na Delegacia de Pol\u00edcia Civil, para a ado\u00e7\u00e3o das medidas cab\u00edveis..<br><br>Em nota, a Guarda Municipal afirmou que <strong><em>\u201cdesde o dia 24\/08\/2021 a GCM Tucano, (bem como todos os seus grupamentos), t\u00eam acordo de coopera\u00e7\u00e3o t\u00e9cnica com a PRF sob o n\u00b0 14\/2021\/sprf-ba &#8211; publicado no Di\u00e1rio Oficial da Uni\u00e3o &#8211; se\u00e7\u00e3o 3 &#8211; n\u00b0 161, quarta-feira, 25 de agosto de 2021 &#8211; esse acordo de coopera\u00e7\u00e3o t\u00e9cnica tem como objetivo \u2018&#8230;o estabelecimento de procedimentos de coopera\u00e7\u00e3o t\u00e9cnica e operacional &#8211; incluindo o interc\u00e2mbio de conhecimentos, informa\u00e7\u00f5es, dados e tecnologias &#8211; objetivando a preserva\u00e7\u00e3o da ordem p\u00fablica e da incolumidade das pessoas e do patrim\u00f4nio, por meio de atua\u00e7\u00e3o conjunta, coordenada, sist\u00eamica e integrada dos part\u00edcipes, no \u00e2mbito de suas compet\u00eancias e atribui\u00e7\u00f5es legais&#8230;.\u2019\u201d.<\/em><\/strong><\/p>\n\n\n\n<p><em>Reda\u00e7\u00e3o: Portal Alerta<\/em><\/p>\n","protected":false},"excerpt":{"rendered":"<p>Por volta das 14hs da \u00faltima segunda-feira (1\u00ba), Guardas Civis das Rondas Ostensivas Municipais de Tucano (ROMU), em a\u00e7\u00e3o conjunta com Policiais Rodovi\u00e1rios Federais, recuperaram um ve\u00edculo roubado, em Tucano-BA.<\/p>\n","protected":false},"author":2,"featured_media":44059,"comment_status":"open","ping_status":"open","sticky":false,"template":"","format":"standard","meta":{"om_disable_all_campaigns":false,"_monsterinsights_skip_tracking":false,"_monsterinsights_sitenote_active":false,"_monsterinsights_sitenote_note":"","_monsterinsights_sitenote_category":0,"footnotes":""},"categories":[70,69,32,22,12],"tags":[313,149,5467,190,102],"class_list":["post-44058","post","type-post","status-publish","format-standard","has-post-thumbnail","hentry","category-destaques","category-noticias2","category-regiao","category-seguranca","category-tucano","tag-gcm","tag-prf","tag-romu","tag-tucano","tag-veiculo-recuperado"],"aioseo_notices":[],"_links":{"self":[{"href":"https:\/\/www.portalalerta.com.br\/index.php\/wp-json\/wp\/v2\/posts\/44058","targetHints":{"allow":["GET"]}}],"collection":[{"href":"https:\/\/www.portalalerta.com.br\/index.php\/wp-json\/wp\/v2\/posts"}],"about":[{"href":"https:\/\/www.portalalerta.com.br\/index.php\/wp-json\/wp\/v2\/types\/post"}],"author":[{"embeddable":true,"href":"https:\/\/www.portalalerta.com.br\/index.php\/wp-json\/wp\/v2\/users\/2"}],"replies":[{"embeddable":true,"href":"https:\/\/www.portalalerta.com.br\/index.php\/wp-json\/wp\/v2\/comments?post=44058"}],"version-history":[{"count":2,"href":"https:\/\/www.portalalerta.com.br\/index.php\/wp-json\/wp\/v2\/posts\/44058\/revisions"}],"predecessor-version":[{"id":44062,"href":"https:\/\/www.portalalerta.com.br\/index.php\/wp-json\/wp\/v2\/posts\/44058\/revisions\/44062"}],"wp:featuredmedia":[{"embeddable":true,"href":"https:\/\/www.portalalerta.com.br\/index.php\/wp-json\/wp\/v2\/media\/44059"}],"wp:attachment":[{"href":"https:\/\/www.portalalerta.com.br\/index.php\/wp-json\/wp\/v2\/media?parent=44058"}],"wp:term":[{"taxonomy":"category","embeddable":true,"href":"https:\/\/www.portalalerta.com.br\/index.php\/wp-json\/wp\/v2\/categories?post=44058"},{"taxonomy":"post_tag","embeddable":true,"href":"https:\/\/www.portalalerta.com.br\/index.php\/wp-json\/wp\/v2\/tags?post=44058"}],"curies":[{"name":"wp","href":"https:\/\/api.w.org\/{rel}","templated":true}]}}