{"id":44063,"date":"2022-08-03T22:09:10","date_gmt":"2022-08-04T01:09:10","guid":{"rendered":"https:\/\/www.portalalerta.com.br\/?p=44063"},"modified":"2022-08-03T22:09:11","modified_gmt":"2022-08-04T01:09:11","slug":"vereadores-se-ausentam-e-retorno-dos-trabalhos-legislativos-e-adiado-em-ribeira-do-amparo-ba","status":"publish","type":"post","link":"https:\/\/www.portalalerta.com.br\/index.php\/2022\/08\/03\/vereadores-se-ausentam-e-retorno-dos-trabalhos-legislativos-e-adiado-em-ribeira-do-amparo-ba\/","title":{"rendered":"Vereadores se ausentam, e retorno dos trabalhos legislativos \u00e9 adiado em Ribeira do Amparo-BA"},"content":{"rendered":"\n<p>H\u00e1 mais de um m\u00eas sem realizar sess\u00f5es, a C\u00e2mara de Vereadores de Ribeira do Amparo-BA, tinha previs\u00e3o de retorno dos trabalhos para a \u00faltima ter\u00e7a-feira (02), o que n\u00e3o aconteceu.<\/p>\n\n\n\n<!--more-->\n\n\n\n<div class=\"wp-block-image\"><figure class=\"aligncenter size-full\"><img fetchpriority=\"high\" decoding=\"async\" width=\"720\" height=\"181\" src=\"https:\/\/www.portalalerta.com.br\/wp-content\/uploads\/2018\/02\/Auto-Escola-Nobre.jpg\" alt=\"\" class=\"wp-image-4869\" srcset=\"https:\/\/www.portalalerta.com.br\/wp-content\/uploads\/2018\/02\/Auto-Escola-Nobre.jpg 720w, https:\/\/www.portalalerta.com.br\/wp-content\/uploads\/2018\/02\/Auto-Escola-Nobre-260x65.jpg 260w, https:\/\/www.portalalerta.com.br\/wp-content\/uploads\/2018\/02\/Auto-Escola-Nobre-50x13.jpg 50w, https:\/\/www.portalalerta.com.br\/wp-content\/uploads\/2018\/02\/Auto-Escola-Nobre-150x38.jpg 150w\" sizes=\"(max-width: 720px) 100vw, 720px\" \/><\/figure><\/div>\n\n\n\n<p>De acordo com informa\u00e7\u00f5es, a aus\u00eancia da maioria dos vereadores, entre eles o presidente da casa, impossibilitou a abertura da sess\u00e3o, por falta de qu\u00f3rum.<\/p>\n\n\n\n<p>Ribeira do Amparo-BA vive um impasse financeiro para cumprir com os compromissos diante de servidores e fornecedores, por conta da necessidade de uma suplementa\u00e7\u00e3o or\u00e7ament\u00e1ria, que depende da aprova\u00e7\u00e3o do legislativo.<\/p>\n\n\n\n<p><em>Reda\u00e7\u00e3o: Portal Alerta<\/em><\/p>\n","protected":false},"excerpt":{"rendered":"<p>H\u00e1 mais de um m\u00eas sem realizar sess\u00f5es, a C\u00e2mara de Vereadores de Ribeira do Amparo-BA, tinha previs\u00e3o de retorno dos trabalhos para a \u00faltima ter\u00e7a-feira (02), o que n\u00e3o aconteceu.<\/p>\n","protected":false},"author":2,"featured_media":44064,"comment_status":"open","ping_status":"open","sticky":false,"template":"","format":"standard","meta":{"om_disable_all_campaigns":false,"_monsterinsights_skip_tracking":false,"_monsterinsights_sitenote_active":false,"_monsterinsights_sitenote_note":"","_monsterinsights_sitenote_category":0,"footnotes":""},"categories":[70,69,21,32,16],"tags":[211,88,5198,5457],"class_list":["post-44063","post","type-post","status-publish","format-standard","has-post-thumbnail","hentry","category-destaques","category-noticias2","category-politica","category-regiao","category-ribeira-do-amparo","tag-camara-de-vereadores","tag-ribeira-do-amparo","tag-sessao","tag-suplementacao"],"aioseo_notices":[],"_links":{"self":[{"href":"https:\/\/www.portalalerta.com.br\/index.php\/wp-json\/wp\/v2\/posts\/44063","targetHints":{"allow":["GET"]}}],"collection":[{"href":"https:\/\/www.portalalerta.com.br\/index.php\/wp-json\/wp\/v2\/posts"}],"about":[{"href":"https:\/\/www.portalalerta.com.br\/index.php\/wp-json\/wp\/v2\/types\/post"}],"author":[{"embeddable":true,"href":"https:\/\/www.portalalerta.com.br\/index.php\/wp-json\/wp\/v2\/users\/2"}],"replies":[{"embeddable":true,"href":"https:\/\/www.portalalerta.com.br\/index.php\/wp-json\/wp\/v2\/comments?post=44063"}],"version-history":[{"count":1,"href":"https:\/\/www.portalalerta.com.br\/index.php\/wp-json\/wp\/v2\/posts\/44063\/revisions"}],"predecessor-version":[{"id":44065,"href":"https:\/\/www.portalalerta.com.br\/index.php\/wp-json\/wp\/v2\/posts\/44063\/revisions\/44065"}],"wp:featuredmedia":[{"embeddable":true,"href":"https:\/\/www.portalalerta.com.br\/index.php\/wp-json\/wp\/v2\/media\/44064"}],"wp:attachment":[{"href":"https:\/\/www.portalalerta.com.br\/index.php\/wp-json\/wp\/v2\/media?parent=44063"}],"wp:term":[{"taxonomy":"category","embeddable":true,"href":"https:\/\/www.portalalerta.com.br\/index.php\/wp-json\/wp\/v2\/categories?post=44063"},{"taxonomy":"post_tag","embeddable":true,"href":"https:\/\/www.portalalerta.com.br\/index.php\/wp-json\/wp\/v2\/tags?post=44063"}],"curies":[{"name":"wp","href":"https:\/\/api.w.org\/{rel}","templated":true}]}}