{"id":44070,"date":"2022-08-03T22:33:09","date_gmt":"2022-08-04T01:33:09","guid":{"rendered":"https:\/\/www.portalalerta.com.br\/?p=44070"},"modified":"2022-08-03T22:33:10","modified_gmt":"2022-08-04T01:33:10","slug":"equipe-das-forcas-armadas-passa-quase-sete-horas-em-inspecao-no-tse","status":"publish","type":"post","link":"https:\/\/www.portalalerta.com.br\/index.php\/2022\/08\/03\/equipe-das-forcas-armadas-passa-quase-sete-horas-em-inspecao-no-tse\/","title":{"rendered":"Equipe das For\u00e7as Armadas passa quase sete horas em inspe\u00e7\u00e3o no TSE"},"content":{"rendered":"\n<p><strong>O acesso ao c\u00f3digo-fonte da urna estava liberado para as entidades cadastradas desde outubro do ano passado, segundo o tribunal&nbsp;<\/strong><\/p>\n\n\n\n<!--more-->\n\n\n\n<p>T\u00e9cnicos das\u00a0For\u00e7as Armadas\u00a0passaram quase sete horas no Tribunal Superior Eleitoral (TSE). Eles realizaram inspe\u00e7\u00e3o no c\u00f3digo-fonte da urna eletr\u00f4nica e tiveram acesso autorizado a outras informa\u00e7\u00f5es. A Corte atendeu a\u00a0pedido do Minist\u00e9rio da Defesa, que solicitou o envio da equipe como parte do processo de fiscaliza\u00e7\u00e3o das elei\u00e7\u00f5es.<\/p>\n\n\n\n<div class=\"wp-block-image\"><figure class=\"alignleft size-full is-resized\"><img fetchpriority=\"high\" decoding=\"async\" src=\"https:\/\/www.portalalerta.com.br\/wp-content\/uploads\/2021\/04\/ELAB.jpg\" alt=\"\" class=\"wp-image-34795\" width=\"397\" height=\"317\" srcset=\"https:\/\/www.portalalerta.com.br\/wp-content\/uploads\/2021\/04\/ELAB.jpg 1000w, https:\/\/www.portalalerta.com.br\/wp-content\/uploads\/2021\/04\/ELAB-300x240.jpg 300w, https:\/\/www.portalalerta.com.br\/wp-content\/uploads\/2021\/04\/ELAB-768x614.jpg 768w, https:\/\/www.portalalerta.com.br\/wp-content\/uploads\/2021\/04\/ELAB-183x146.jpg 183w, https:\/\/www.portalalerta.com.br\/wp-content\/uploads\/2021\/04\/ELAB-50x40.jpg 50w, https:\/\/www.portalalerta.com.br\/wp-content\/uploads\/2021\/04\/ELAB-94x75.jpg 94w\" sizes=\"(max-width: 397px) 100vw, 397px\" \/><\/figure><\/div>\n\n\n\n<p>A expectativa \u00e9 que representantes da Defesa voltem nesta quinta-feira (4) para retomar o trabalho de an\u00e1lise. De acordo com o TSE, as For\u00e7as Armadas foram informadas de que o acesso ao c\u00f3digo-fonte da urna estava liberado para as entidades cadastradas desde outubro do ano passado, mas n\u00e3o manifestaram interesse em realizar o procedimento na \u00e9poca.<\/p>\n\n\n\n<p>No of\u00edcio enviado \u00e0 Justi\u00e7a Eleitoral, o ministro da Defesa, Paulo S\u00e9rgio Nogueira, solicitou que o grupo tenha prazo inicial at\u00e9 o dia 12 deste m\u00eas para realizar as avalia\u00e7\u00f5es. O documento foi carimbado como prioridade, para ser atendido de maneira &#8220;urgent\u00edssima&#8221;.<\/p>\n\n\n\n<p>Os militares est\u00e3o acessando os c\u00f3digos-fonte do Sistema de Apura\u00e7\u00e3o (SA), do Sistema de Vota\u00e7\u00e3o (Vota), do Sistema de Logs de aplica\u00e7\u00f5es SA e Vota e do Sistema de Totaliza\u00e7\u00e3o (SisTot), que ser\u00e3o utilizados no processo eleitoral de 2022. A solicita\u00e7\u00e3o enviada por Paulo S\u00e9rgio foi atendida na \u00edntegra.<\/p>\n\n\n\n<p>A previs\u00e3o \u00e9 que os militares realizem a\u00e7\u00f5es no TSE at\u00e9 o dia 12 deste m\u00eas. Internamente, o Minist\u00e9rio da Defesa n\u00e3o descarta a possibilidade de pedir extens\u00e3o do prazo ou solicitar novas inspe\u00e7\u00f5es em outras datas.<\/p>\n\n\n\n<p>Os questionamentos da Defesa sobre a seguran\u00e7a, transpar\u00eancia e integridade do sistema eletr\u00f4nico de vota\u00e7\u00e3o t\u00eam gerado inc\u00f4modo na Corte Eleitoral e s\u00e3o vistos como uma agenda para agradar ao presidente Jair Bolsonaro. Mas a avalia\u00e7\u00e3o \u00e9 que n\u00e3o se deve colocar entraves, no momento, para a\u00e7\u00f5es de fiscaliza\u00e7\u00e3o, a fim de reduzir as tens\u00f5es no per\u00edodo eleitoral.<\/p>\n\n\n\n<p><em>Fonte: R7<\/em><\/p>\n","protected":false},"excerpt":{"rendered":"<p>O acesso ao c\u00f3digo-fonte da urna estava liberado para as entidades cadastradas desde outubro do ano passado, segundo o tribunal&nbsp;<\/p>\n","protected":false},"author":2,"featured_media":44071,"comment_status":"open","ping_status":"open","sticky":false,"template":"","format":"standard","meta":{"om_disable_all_campaigns":false,"_monsterinsights_skip_tracking":false,"_monsterinsights_sitenote_active":false,"_monsterinsights_sitenote_note":"","_monsterinsights_sitenote_category":0,"footnotes":""},"categories":[34,70,69,21],"tags":[93,5540,599,199,4721],"class_list":["post-44070","post","type-post","status-publish","format-standard","has-post-thumbnail","hentry","category-brasil","category-destaques","category-noticias2","category-politica","tag-brasil","tag-codigo-fonte","tag-forcas-armadas","tag-politica","tag-urnas-eletronicas"],"aioseo_notices":[],"_links":{"self":[{"href":"https:\/\/www.portalalerta.com.br\/index.php\/wp-json\/wp\/v2\/posts\/44070","targetHints":{"allow":["GET"]}}],"collection":[{"href":"https:\/\/www.portalalerta.com.br\/index.php\/wp-json\/wp\/v2\/posts"}],"about":[{"href":"https:\/\/www.portalalerta.com.br\/index.php\/wp-json\/wp\/v2\/types\/post"}],"author":[{"embeddable":true,"href":"https:\/\/www.portalalerta.com.br\/index.php\/wp-json\/wp\/v2\/users\/2"}],"replies":[{"embeddable":true,"href":"https:\/\/www.portalalerta.com.br\/index.php\/wp-json\/wp\/v2\/comments?post=44070"}],"version-history":[{"count":1,"href":"https:\/\/www.portalalerta.com.br\/index.php\/wp-json\/wp\/v2\/posts\/44070\/revisions"}],"predecessor-version":[{"id":44072,"href":"https:\/\/www.portalalerta.com.br\/index.php\/wp-json\/wp\/v2\/posts\/44070\/revisions\/44072"}],"wp:featuredmedia":[{"embeddable":true,"href":"https:\/\/www.portalalerta.com.br\/index.php\/wp-json\/wp\/v2\/media\/44071"}],"wp:attachment":[{"href":"https:\/\/www.portalalerta.com.br\/index.php\/wp-json\/wp\/v2\/media?parent=44070"}],"wp:term":[{"taxonomy":"category","embeddable":true,"href":"https:\/\/www.portalalerta.com.br\/index.php\/wp-json\/wp\/v2\/categories?post=44070"},{"taxonomy":"post_tag","embeddable":true,"href":"https:\/\/www.portalalerta.com.br\/index.php\/wp-json\/wp\/v2\/tags?post=44070"}],"curies":[{"name":"wp","href":"https:\/\/api.w.org\/{rel}","templated":true}]}}