{"id":44073,"date":"2022-08-04T07:00:00","date_gmt":"2022-08-04T10:00:00","guid":{"rendered":"https:\/\/www.portalalerta.com.br\/?p=44073"},"modified":"2022-08-04T09:02:45","modified_gmt":"2022-08-04T12:02:45","slug":"banco-central-aumenta-taxa-selic-para-1375-veja-o-que-muda-para-voce","status":"publish","type":"post","link":"https:\/\/www.portalalerta.com.br\/index.php\/2022\/08\/04\/banco-central-aumenta-taxa-selic-para-1375-veja-o-que-muda-para-voce\/","title":{"rendered":"Banco Central aumenta taxa Selic para 13,75%; veja o que muda para voc\u00ea"},"content":{"rendered":"\n<p>O Banco Central, por meio do Comit\u00ea de Pol\u00edtica Monet\u00e1ria, resolveu na reuni\u00e3o desta quarta-feira aumentar a taxa de juros em 0,5 ponto percentual para 13,75% e continuar seu trabalho de tentar controlar a infla\u00e7\u00e3o. \u00c9 a maior taxa b\u00e1sica de juros da economia brasileira desde novembro de 2016.<\/p>\n\n\n\n<!--more-->\n\n\n\n<p>A taxa de juros definida pelo Copom serve como instrumento do Banco Central para tratar a quest\u00e3o da infla\u00e7\u00e3o. Em tempos de subida de pre\u00e7os acelerada, como estamos vivendo, o BC, aumenta os juros. Isso, na teoria, encarece o cr\u00e9dito e desestimula o consumo, o que pode levar a um al\u00edvio na infla\u00e7\u00e3o.<\/p>\n\n\n\n<p>Do outro lado da moeda, caso o BC queira estimar a economia com consumo, investimentos etc, ele corta a taxa Selic.<\/p>\n\n\n\n<p><strong><em>&#8220;A leitura do mercado para a decis\u00e3o do Copom, comunicada h\u00e1 pouco, \u00e9 neutra, portanto, haver\u00e1 poucos impactos nos mercados de renda vari\u00e1vel e renda fixa. O comit\u00ea elevou a taxa Selic em 50 pontos-base, para 13,75% ao ano, e indicou que avaliar\u00e1 a necessidade de um ajuste residual, de menor magnitude, ou seja 0,25%, em sua pr\u00f3xima reuni\u00e3o. Sendo assim, o BC manteve a porta aberta para encerrar o ciclo na pr\u00f3xima reuni\u00e3o em 13,75% ou 14,00%.&#8221;<\/em><\/strong> diz Antonio van Moorsel, s\u00f3cio e head do Advisory da Acqua Vero Investimentos.<\/p>\n\n\n\n<p><strong>Infla\u00e7\u00e3o alta pelo mundo<\/strong><\/p>\n\n\n\n<p>O&nbsp;IPCA, o \u00edndice oficial da infla\u00e7\u00e3o do Brasil, fechou o ano passado em 10%, maior n\u00famero desde 2015&nbsp;e bem acima do teto da meta do governo para o ano passado &#8211; 5,25%.&nbsp;Levando em considera\u00e7\u00e3o as 11 maiores economias da Am\u00e9rica Latina, o Brasil s\u00f3 fica atr\u00e1s de Argentina e Venezuela.<\/p>\n\n\n\n<div class=\"wp-block-image\"><figure class=\"aligncenter size-full\"><img fetchpriority=\"high\" decoding=\"async\" width=\"720\" height=\"181\" src=\"https:\/\/www.portalalerta.com.br\/wp-content\/uploads\/2018\/02\/Auto-Escola-Nobre.jpg\" alt=\"\" class=\"wp-image-4869\" srcset=\"https:\/\/www.portalalerta.com.br\/wp-content\/uploads\/2018\/02\/Auto-Escola-Nobre.jpg 720w, https:\/\/www.portalalerta.com.br\/wp-content\/uploads\/2018\/02\/Auto-Escola-Nobre-260x65.jpg 260w, https:\/\/www.portalalerta.com.br\/wp-content\/uploads\/2018\/02\/Auto-Escola-Nobre-50x13.jpg 50w, https:\/\/www.portalalerta.com.br\/wp-content\/uploads\/2018\/02\/Auto-Escola-Nobre-150x38.jpg 150w\" sizes=\"(max-width: 720px) 100vw, 720px\" \/><\/figure><\/div>\n\n\n\n<p>Vale lembrar que a infla\u00e7\u00e3o desse momento n\u00e3o \u00e9 um fen\u00f4meno brasileiro. A subida dos pre\u00e7os alcan\u00e7ou n\u00edveis hist\u00f3ricos na Europa e nos&nbsp;EUA (este \u00faltimo registrou a maior infla\u00e7\u00e3o desde os anos 80). Isso porque a pandemia provocou uma crise na&nbsp;cadeia de abastecimento global e isso atingiu em cheio as economias. A&nbsp;guerra na Ucr\u00e2nia&nbsp;e os recentes&nbsp;lockdowns na Chinatamb\u00e9m ajudaram na escalada dos pre\u00e7os.<\/p>\n\n\n\n<p><strong>Infla\u00e7\u00e3o para 2022 e 2023<\/strong><\/p>\n\n\n\n<p>Oficialmente, a&nbsp;meta central da infla\u00e7\u00e3o para este ano \u00e9 de 3,5%, com toler\u00e2ncia de 1,5 ponto para cima ou para baixo. O mercado, por\u00e9m, prev\u00ea que a infla\u00e7\u00e3o feche o ano em 7,2%, numa melhora em rela\u00e7\u00e3o a previs\u00f5es anteriores, quando esse n\u00famero era de 9%<\/p>\n\n\n\n<p>Para 2023, a expectativa \u00e9 de uma infla\u00e7\u00e3o de 3,5%, e a meta ser\u00e1 cumprida se oscilar entre 1,75% e 4,75%. Os especialistas acreditam que a meta n\u00e3o deve ser respeitada novamente, fechando em 5,3%.<\/p>\n\n\n\n<p><strong>A Selic no dia do brasileiro<\/strong><\/p>\n\n\n\n<p>A taxa Selic faz parte do cotidiano do brasileiro. Ela \u00e9 uma taxa base para que bancos e financeiras estabele\u00e7am suas taxas na hora de conceder empr\u00e9stimos ou na&nbsp;cobran\u00e7a de d\u00edvidas, como cheque especial e cart\u00e3o de cr\u00e9dito. Nesses dois \u00faltimos casos, os juros que o consumidor paga s\u00e3o muito maiores.<\/p>\n\n\n\n<p>A alta da Selic tamb\u00e9m coloca um freio nos investimentos p\u00fablicos e privados e piora as contas p\u00fablicas. Por outro lado, o aumento dos juros chama a aten\u00e7\u00e3o de investidores que passam a buscar t\u00edtulos atrelados \u00e0 Selic.&nbsp;Com a maior demanda por reais, o d\u00f3lar, por exemplo, tende a ficar mais barato, diminuindo a press\u00e3o no c\u00e2mbio e na infla\u00e7\u00e3o como um todo, j\u00e1 que muitos produtos e processos da cadeia econ\u00f4mica s\u00e3o dolarizados.<\/p>\n\n\n\n<p><strong>Infla\u00e7\u00e3o d\u00e1 sinais de queda<\/strong><\/p>\n\n\n\n<p>O IPCA-15 desacelerou com for\u00e7a em julho e atingiu a menor varia\u00e7\u00e3o em dois anos gra\u00e7as ao impacto da redu\u00e7\u00e3o das al\u00edquotas de ICMS sobre os pre\u00e7os de combust\u00edveis e energia, com a taxa em 12 meses voltando a ficar abaixo de 12%.<\/p>\n\n\n\n<p>O \u00cdndice Nacional de Pre\u00e7os ao Consumidor Amplo (IPCA) de junho foi de 0,67%, ficando 0,20 ponto percentual acima da taxa de maio (0,47%). No ano, o IPCA acumula alta de 5,49% e, nos \u00faltimos 12 meses, de 11,89%, acima dos 11,73% observados nos 12 meses anteriores.<\/p>\n\n\n\n<p>O \u00cdndice Nacional de Pre\u00e7os ao Consumidor Amplo-15 (IPCA-15) passou a subir 0,13% em julho depois de um avan\u00e7o de 0,69% em junho, resultado que ficou ainda abaixo da expectativa em pesquisa da Reuters de 0,17%<\/p>\n\n\n\n<p><strong>Mercado de trabalho melhora<\/strong><\/p>\n\n\n\n<p>Dados da ocupa\u00e7\u00e3o&nbsp;divulgados&nbsp;pelo Instituto Brasileiro de Geografia e Estat\u00edstica (IBGE) mostram&nbsp;recupera\u00e7\u00e3o do mercado de trabalho. A Pesquisa Nacional por Amostra de Domic\u00edlios Cont\u00ednua (Pnad Cont\u00ednua) aponta que a&nbsp;taxa de desocupa\u00e7\u00e3o ficou em 9,8% no trimestre m\u00f3vel encerrado em maio.<\/p>\n\n\n\n<p><em>Fonte: Yahoo Not\u00edcias<\/em><\/p>\n","protected":false},"excerpt":{"rendered":"<p>O Banco Central, por meio do Comit\u00ea de Pol\u00edtica Monet\u00e1ria, resolveu na reuni\u00e3o desta quarta-feira aumentar a taxa de juros em 0,5 ponto percentual para 13,75% e continuar seu trabalho de tentar controlar a infla\u00e7\u00e3o. \u00c9 a maior taxa b\u00e1sica de juros da economia brasileira desde novembro de 2016.<\/p>\n","protected":false},"author":2,"featured_media":16868,"comment_status":"open","ping_status":"open","sticky":false,"template":"","format":"standard","meta":{"om_disable_all_campaigns":false,"_monsterinsights_skip_tracking":false,"_monsterinsights_sitenote_active":false,"_monsterinsights_sitenote_note":"","_monsterinsights_sitenote_category":0,"footnotes":""},"categories":[34,70,69,21],"tags":[1486,93,5026],"class_list":["post-44073","post","type-post","status-publish","format-standard","has-post-thumbnail","hentry","category-brasil","category-destaques","category-noticias2","category-politica","tag-banco-central","tag-brasil","tag-taxa-selic"],"aioseo_notices":[],"_links":{"self":[{"href":"https:\/\/www.portalalerta.com.br\/index.php\/wp-json\/wp\/v2\/posts\/44073","targetHints":{"allow":["GET"]}}],"collection":[{"href":"https:\/\/www.portalalerta.com.br\/index.php\/wp-json\/wp\/v2\/posts"}],"about":[{"href":"https:\/\/www.portalalerta.com.br\/index.php\/wp-json\/wp\/v2\/types\/post"}],"author":[{"embeddable":true,"href":"https:\/\/www.portalalerta.com.br\/index.php\/wp-json\/wp\/v2\/users\/2"}],"replies":[{"embeddable":true,"href":"https:\/\/www.portalalerta.com.br\/index.php\/wp-json\/wp\/v2\/comments?post=44073"}],"version-history":[{"count":2,"href":"https:\/\/www.portalalerta.com.br\/index.php\/wp-json\/wp\/v2\/posts\/44073\/revisions"}],"predecessor-version":[{"id":44090,"href":"https:\/\/www.portalalerta.com.br\/index.php\/wp-json\/wp\/v2\/posts\/44073\/revisions\/44090"}],"wp:featuredmedia":[{"embeddable":true,"href":"https:\/\/www.portalalerta.com.br\/index.php\/wp-json\/wp\/v2\/media\/16868"}],"wp:attachment":[{"href":"https:\/\/www.portalalerta.com.br\/index.php\/wp-json\/wp\/v2\/media?parent=44073"}],"wp:term":[{"taxonomy":"category","embeddable":true,"href":"https:\/\/www.portalalerta.com.br\/index.php\/wp-json\/wp\/v2\/categories?post=44073"},{"taxonomy":"post_tag","embeddable":true,"href":"https:\/\/www.portalalerta.com.br\/index.php\/wp-json\/wp\/v2\/tags?post=44073"}],"curies":[{"name":"wp","href":"https:\/\/api.w.org\/{rel}","templated":true}]}}