{"id":44081,"date":"2022-08-04T07:03:00","date_gmt":"2022-08-04T10:03:00","guid":{"rendered":"https:\/\/www.portalalerta.com.br\/?p=44081"},"modified":"2022-08-04T00:47:16","modified_gmt":"2022-08-04T03:47:16","slug":"peu-do-gado-reassume-cadeira-na-camara-de-vereadores-de-ribeira-do-pombal-ba","status":"publish","type":"post","link":"https:\/\/www.portalalerta.com.br\/index.php\/2022\/08\/04\/peu-do-gado-reassume-cadeira-na-camara-de-vereadores-de-ribeira-do-pombal-ba\/","title":{"rendered":"Peu do Gado reassume cadeira na C\u00e2mara de Vereadores de Ribeira do Pombal-BA"},"content":{"rendered":"\n<p>Ap\u00f3s a morte do vereador Jos\u00e9 de Deus Concei\u00e7\u00e3o Neto (Netinho da Pedra) <strong><a href=\"https:\/\/www.portalalerta.com.br\/index.php\/2022\/08\/01\/morre-o-vereador-pombalense-netinho\/\">fato ocorrido na \u00faltima segunda-feira (1\u00ba)<\/a><\/strong>, muito se especulou sobre quem assumiria o cargo na Casa Legislativa de Ribeira do Pombal-BA.<\/p>\n\n\n\n<!--more-->\n\n\n\n<div class=\"wp-block-image\"><figure class=\"alignleft size-full is-resized\"><img fetchpriority=\"high\" decoding=\"async\" src=\"https:\/\/www.portalalerta.com.br\/wp-content\/uploads\/2021\/04\/ELAB.jpg\" alt=\"\" class=\"wp-image-34795\" width=\"402\" height=\"321\" srcset=\"https:\/\/www.portalalerta.com.br\/wp-content\/uploads\/2021\/04\/ELAB.jpg 1000w, https:\/\/www.portalalerta.com.br\/wp-content\/uploads\/2021\/04\/ELAB-300x240.jpg 300w, https:\/\/www.portalalerta.com.br\/wp-content\/uploads\/2021\/04\/ELAB-768x614.jpg 768w, https:\/\/www.portalalerta.com.br\/wp-content\/uploads\/2021\/04\/ELAB-183x146.jpg 183w, https:\/\/www.portalalerta.com.br\/wp-content\/uploads\/2021\/04\/ELAB-50x40.jpg 50w, https:\/\/www.portalalerta.com.br\/wp-content\/uploads\/2021\/04\/ELAB-94x75.jpg 94w\" sizes=\"(max-width: 402px) 100vw, 402px\" \/><\/figure><\/div>\n\n\n\n<p>A vaga sempre foi do vereador eleito Pedro Rodrigues Concei\u00e7\u00e3o Neto, mais conhecido como Peu do Gado, que tinha se afastado para assumir uma Secretaria, <strong><a href=\"https:\/\/www.portalalerta.com.br\/index.php\/2021\/06\/21\/danca-das-cadeiras-vereador-peu-do-gado-assume-secretaria-municipal-e-netinho-volta-a-camara-de-vereadores-de-ribeira-do-pombal-ba\/\">o que possibilitou que Netinho, na \u00e9poca primeiro suplente, ocupasse a cadeira vaga na C\u00e2mara<\/a><\/strong>.<\/p>\n\n\n\n<p>De acordo com o Blog do Joilson Costa, nesta quarta-feira (03), Peu do Gado comunicou \u00e0 Presid\u00eancia da C\u00e2mara que retornar\u00e1 \u00e0s suas fun\u00e7\u00f5es no legislativo. Ainda na ter\u00e7a-feira, foi publicado no Di\u00e1rio Oficial do Munic\u00edpio a exonera\u00e7\u00e3o de Peu do Gado, da secretaria de Tr\u00e2nsito.<\/p>\n\n\n\n<p>Desta forma, Z\u00e9 Valdo ocupa agora a primeira supl\u00eancia pelo PSD.<\/p>\n\n\n\n<p><em>Reda\u00e7\u00e3o: Portal Alerta<\/em><\/p>\n\n\n\n<p><em>Com informa\u00e7\u00f5es: Joilson Costa<\/em><\/p>\n","protected":false},"excerpt":{"rendered":"<p>Ap\u00f3s a morte do vereador Jos\u00e9 de Deus Concei\u00e7\u00e3o Neto (Netinho da Pedra) fato ocorrido na \u00faltima segunda-feira (1\u00ba), muito se especulou sobre quem assumiria o cargo na Casa Legislativa de Ribeira do Pombal-BA.<\/p>\n","protected":false},"author":2,"featured_media":44082,"comment_status":"open","ping_status":"open","sticky":false,"template":"","format":"standard","meta":{"om_disable_all_campaigns":false,"_monsterinsights_skip_tracking":false,"_monsterinsights_sitenote_active":false,"_monsterinsights_sitenote_note":"","_monsterinsights_sitenote_category":0,"footnotes":""},"categories":[70,69,21,32,3],"tags":[211,5541,47,5542,80],"class_list":["post-44081","post","type-post","status-publish","format-standard","has-post-thumbnail","hentry","category-destaques","category-noticias2","category-politica","category-regiao","category-ribeira-do-pombal","tag-camara-de-vereadores","tag-peu-do-gado","tag-ribeira-do-pombal","tag-secretaria-de-transito","tag-vereador"],"aioseo_notices":[],"_links":{"self":[{"href":"https:\/\/www.portalalerta.com.br\/index.php\/wp-json\/wp\/v2\/posts\/44081","targetHints":{"allow":["GET"]}}],"collection":[{"href":"https:\/\/www.portalalerta.com.br\/index.php\/wp-json\/wp\/v2\/posts"}],"about":[{"href":"https:\/\/www.portalalerta.com.br\/index.php\/wp-json\/wp\/v2\/types\/post"}],"author":[{"embeddable":true,"href":"https:\/\/www.portalalerta.com.br\/index.php\/wp-json\/wp\/v2\/users\/2"}],"replies":[{"embeddable":true,"href":"https:\/\/www.portalalerta.com.br\/index.php\/wp-json\/wp\/v2\/comments?post=44081"}],"version-history":[{"count":1,"href":"https:\/\/www.portalalerta.com.br\/index.php\/wp-json\/wp\/v2\/posts\/44081\/revisions"}],"predecessor-version":[{"id":44083,"href":"https:\/\/www.portalalerta.com.br\/index.php\/wp-json\/wp\/v2\/posts\/44081\/revisions\/44083"}],"wp:featuredmedia":[{"embeddable":true,"href":"https:\/\/www.portalalerta.com.br\/index.php\/wp-json\/wp\/v2\/media\/44082"}],"wp:attachment":[{"href":"https:\/\/www.portalalerta.com.br\/index.php\/wp-json\/wp\/v2\/media?parent=44081"}],"wp:term":[{"taxonomy":"category","embeddable":true,"href":"https:\/\/www.portalalerta.com.br\/index.php\/wp-json\/wp\/v2\/categories?post=44081"},{"taxonomy":"post_tag","embeddable":true,"href":"https:\/\/www.portalalerta.com.br\/index.php\/wp-json\/wp\/v2\/tags?post=44081"}],"curies":[{"name":"wp","href":"https:\/\/api.w.org\/{rel}","templated":true}]}}