{"id":44087,"date":"2022-08-04T12:01:00","date_gmt":"2022-08-04T15:01:00","guid":{"rendered":"https:\/\/www.portalalerta.com.br\/?p=44087"},"modified":"2022-08-04T01:25:22","modified_gmt":"2022-08-04T04:25:22","slug":"registro-de-acesso-a-cameras-de-festa-de-petista-assassinado-foi-apagado-diz-pericia","status":"publish","type":"post","link":"https:\/\/www.portalalerta.com.br\/index.php\/2022\/08\/04\/registro-de-acesso-a-cameras-de-festa-de-petista-assassinado-foi-apagado-diz-pericia\/","title":{"rendered":"Registro de acesso a c\u00e2meras de festa de petista assassinado foi apagado, diz per\u00edcia"},"content":{"rendered":"\n<p>Uma nova per\u00edcia revelou que houve uma limpeza no registro de acessos \u00e0 c\u00e2mera que registrou as imagens do&nbsp;<a href=\"https:\/\/www.chicosabetudo.com.br\/noticia\/politica\/2022\/08\/02\/defesa-do-homem-que-matou-o-petista-marcelo-arruda-afirma-que-ele-nao-se-lembra-do-crime\/\">dia da festa de anivers\u00e1rio do guarda municipal Marcelo Arruda<\/a>, assassinado em&nbsp;<a href=\"https:\/\/www.chicosabetudo.com.br\/noticia\/politica\/2022\/07\/20\/vigilante-responsavel-pelas-cameras-de-seguranca-do-local-em-que-o-petista-foi-assassinado-e-encontrado-morto\/\">Foz do Igua\u00e7u (PR)<\/a>. A nova per\u00edcia foi anexada ao processo na ter\u00e7a-feira (2).&nbsp;<\/p>\n\n\n\n<!--more-->\n\n\n\n<div class=\"wp-block-image\"><figure class=\"alignleft size-full is-resized\"><img fetchpriority=\"high\" decoding=\"async\" src=\"https:\/\/www.portalalerta.com.br\/wp-content\/uploads\/2022\/03\/Cred-Real.1.jpg\" alt=\"\" class=\"wp-image-41523\" width=\"418\" height=\"334\" srcset=\"https:\/\/www.portalalerta.com.br\/wp-content\/uploads\/2022\/03\/Cred-Real.1.jpg 500w, https:\/\/www.portalalerta.com.br\/wp-content\/uploads\/2022\/03\/Cred-Real.1-300x240.jpg 300w, https:\/\/www.portalalerta.com.br\/wp-content\/uploads\/2022\/03\/Cred-Real.1-183x146.jpg 183w, https:\/\/www.portalalerta.com.br\/wp-content\/uploads\/2022\/03\/Cred-Real.1-50x40.jpg 50w, https:\/\/www.portalalerta.com.br\/wp-content\/uploads\/2022\/03\/Cred-Real.1-94x75.jpg 94w\" sizes=\"(max-width: 418px) 100vw, 418px\" \/><\/figure><\/div>\n\n\n\n<p>Conforme o laudo emitido pela per\u00edcia criminal do&nbsp;<a href=\"https:\/\/www.chicosabetudo.com.br\/noticia\/policia\/2022\/08\/02\/mae-atropela-filho-de-8-anos-ao-confundir-marchas-do-carro-no-parana\/\">Paran\u00e1<\/a>, o servi\u00e7o remoto do gravador estava ativado, mas \u00e0s 8:57hs do dia 11 de julho \u2013 dois dias depois do crime \u2013 ocorreu um evento de \u201cLimpar\u201d, que apagou todos os registros de acesso do aparelho. Com isso, n\u00e3o \u00e9 poss\u00edvel afirmar se houve acesso \u00e0s imagens na data do crime, muito menos quem as acessou.<\/p>\n\n\n\n<p>Com a limpeza do registro, \u00e9 imposs\u00edvel saber quem teve acesso a esses dados. Entre as d\u00favidas da pol\u00edcia sobre o caso, est\u00e1 a de quem teria mostrado as imagens para o&nbsp;<a href=\"https:\/\/www.chicosabetudo.com.br\/noticia\/politica\/2022\/08\/02\/defesa-do-homem-que-matou-o-petista-marcelo-arruda-afirma-que-ele-nao-se-lembra-do-crime\/\">policial penal bolsonarista Jorge Guaranho<\/a>, autor do assassinato. A pol\u00edcia investiga se elas foram um gatilho para que&nbsp;<a href=\"https:\/\/www.chicosabetudo.com.br\/noticia\/politica\/2022\/07\/10\/guarda-municipal-e-morto-a-tiros-durante-festa-com-tema-do-pt-em-foz-do-iguacu-no-parana\/\">Guaranho&nbsp;<\/a>fosse at\u00e9 o local da festa e fizesse os disparos.<\/p>\n\n\n\n<p>A investiga\u00e7\u00e3o revelou tamb\u00e9m que n\u00e3o h\u00e1 ind\u00edcios de altera\u00e7\u00e3o nas grava\u00e7\u00f5es ou imagens.<\/p>\n\n\n\n<p><em>Fonte: Chico Sabe Tudo<\/em><\/p>\n","protected":false},"excerpt":{"rendered":"<p>Uma nova per\u00edcia revelou que houve uma limpeza no registro de acessos \u00e0 c\u00e2mera que registrou as imagens do&nbsp;dia da festa de anivers\u00e1rio do guarda municipal Marcelo Arruda, assassinado em&nbsp;Foz do Igua\u00e7u (PR). A nova per\u00edcia foi anexada ao processo na ter\u00e7a-feira (2).&nbsp;<\/p>\n","protected":false},"author":2,"featured_media":44088,"comment_status":"open","ping_status":"open","sticky":false,"template":"","format":"standard","meta":{"om_disable_all_campaigns":false,"_monsterinsights_skip_tracking":false,"_monsterinsights_sitenote_active":false,"_monsterinsights_sitenote_note":"","_monsterinsights_sitenote_category":0,"footnotes":""},"categories":[34,70,69,22],"tags":[4421,206,1730,397],"class_list":["post-44087","post","type-post","status-publish","format-standard","has-post-thumbnail","hentry","category-brasil","category-destaques","category-noticias2","category-seguranca","tag-cameras","tag-homicidio","tag-pericia","tag-seguranca"],"aioseo_notices":[],"_links":{"self":[{"href":"https:\/\/www.portalalerta.com.br\/index.php\/wp-json\/wp\/v2\/posts\/44087","targetHints":{"allow":["GET"]}}],"collection":[{"href":"https:\/\/www.portalalerta.com.br\/index.php\/wp-json\/wp\/v2\/posts"}],"about":[{"href":"https:\/\/www.portalalerta.com.br\/index.php\/wp-json\/wp\/v2\/types\/post"}],"author":[{"embeddable":true,"href":"https:\/\/www.portalalerta.com.br\/index.php\/wp-json\/wp\/v2\/users\/2"}],"replies":[{"embeddable":true,"href":"https:\/\/www.portalalerta.com.br\/index.php\/wp-json\/wp\/v2\/comments?post=44087"}],"version-history":[{"count":1,"href":"https:\/\/www.portalalerta.com.br\/index.php\/wp-json\/wp\/v2\/posts\/44087\/revisions"}],"predecessor-version":[{"id":44089,"href":"https:\/\/www.portalalerta.com.br\/index.php\/wp-json\/wp\/v2\/posts\/44087\/revisions\/44089"}],"wp:featuredmedia":[{"embeddable":true,"href":"https:\/\/www.portalalerta.com.br\/index.php\/wp-json\/wp\/v2\/media\/44088"}],"wp:attachment":[{"href":"https:\/\/www.portalalerta.com.br\/index.php\/wp-json\/wp\/v2\/media?parent=44087"}],"wp:term":[{"taxonomy":"category","embeddable":true,"href":"https:\/\/www.portalalerta.com.br\/index.php\/wp-json\/wp\/v2\/categories?post=44087"},{"taxonomy":"post_tag","embeddable":true,"href":"https:\/\/www.portalalerta.com.br\/index.php\/wp-json\/wp\/v2\/tags?post=44087"}],"curies":[{"name":"wp","href":"https:\/\/api.w.org\/{rel}","templated":true}]}}