{"id":44106,"date":"2022-08-04T21:48:36","date_gmt":"2022-08-05T00:48:36","guid":{"rendered":"https:\/\/www.portalalerta.com.br\/?p=44106"},"modified":"2022-08-04T21:48:39","modified_gmt":"2022-08-05T00:48:39","slug":"acm-neto-confirma-ana-coelho-como-vice-e-ressalta-juventude-da-chapa-da-oposicao","status":"publish","type":"post","link":"https:\/\/www.portalalerta.com.br\/index.php\/2022\/08\/04\/acm-neto-confirma-ana-coelho-como-vice-e-ressalta-juventude-da-chapa-da-oposicao\/","title":{"rendered":"ACM Neto confirma Ana Coelho como vice e ressalta juventude da chapa da oposi\u00e7\u00e3o"},"content":{"rendered":"\n<p>Oficializa\u00e7\u00e3o ocorrer\u00e1 nesta sexta-feira (5), no Centro de Conven\u00e7\u00f5es de Salvador<\/p>\n\n\n\n<!--more-->\n\n\n\n<p>O pr\u00e9-candidato ao governo da Bahia, ACM Neto (UNI\u00c3O), confirmou, em coletiva de imprensa realizada na tarde desta quinta-feira (4), a empres\u00e1ria Ana Coelho (Republicanos) como vice na sua chapa.<\/p>\n\n\n\n<div class=\"wp-block-image\"><figure class=\"alignleft size-full is-resized\"><img fetchpriority=\"high\" decoding=\"async\" src=\"https:\/\/www.portalalerta.com.br\/wp-content\/uploads\/2021\/04\/ELAB.jpg\" alt=\"\" class=\"wp-image-34795\" width=\"398\" height=\"318\" srcset=\"https:\/\/www.portalalerta.com.br\/wp-content\/uploads\/2021\/04\/ELAB.jpg 1000w, https:\/\/www.portalalerta.com.br\/wp-content\/uploads\/2021\/04\/ELAB-300x240.jpg 300w, https:\/\/www.portalalerta.com.br\/wp-content\/uploads\/2021\/04\/ELAB-768x614.jpg 768w, https:\/\/www.portalalerta.com.br\/wp-content\/uploads\/2021\/04\/ELAB-183x146.jpg 183w, https:\/\/www.portalalerta.com.br\/wp-content\/uploads\/2021\/04\/ELAB-50x40.jpg 50w, https:\/\/www.portalalerta.com.br\/wp-content\/uploads\/2021\/04\/ELAB-94x75.jpg 94w\" sizes=\"(max-width: 398px) 100vw, 398px\" \/><\/figure><\/div>\n\n\n\n<p>No evento, Neto ressaltou a juventude da chapa da oposi\u00e7\u00e3o. <strong><em>&#8220;Ana,&nbsp;al\u00e9m de mulher, \u00e9 jovem, eu sou o mais velho, o coroa da turma. Sem d\u00favida, voc\u00eas, h\u00e1&nbsp;muito tempo n\u00e3o testemunham uma chapa t\u00e3o jovem como essa que estamos apresentando aos baianos&#8221;<\/em><\/strong>, disse. Ana tem 40 anos. J\u00e1 Neto, 43.<\/p>\n\n\n\n<p>O ex-prefeito de Salvador tamb\u00e9m destacou a possibilidade da Bahia ter a primeira mulher no cargo.&nbsp;<strong><em>&#8220;Ter uma mulher ao nosso lado \u00e9 uma&nbsp;homenagem \u00e0 for\u00e7a das mulheres da Bahia, \u00e9 o&nbsp;reconhecimento a import\u00e2ncia da presen\u00e7a das mulheres na pol\u00edtica&#8221;<\/em><\/strong>.<\/p>\n\n\n\n<p>A empres\u00e1ria est\u00e1 filiada ao Republicanos, partido que a indicou para a composi\u00e7\u00e3o. Ela \u00e9 casada com o deputado estadual Tiago Correia (PSDB), e \u00e9 sobrinha do ex-governador da Bahia e prefeito de Guanambi, Nilo Coelho (UNI\u00c3O).<\/p>\n\n\n\n<p>Com o an\u00fancio da vice, Neto est\u00e1 com a chapa quase completa. O deputado federal Cac\u00e1 Le\u00e3o (PP) ser\u00e1 o seu candidato a senador. O deputado federal Ronaldo Carletto (PP) ser\u00e1 o primeiro suplente ao Senado. Resta ainda o nome do segundo suplente a senador.<\/p>\n\n\n\n<p><em>Fonte: Metro1<\/em><\/p>\n","protected":false},"excerpt":{"rendered":"<p>Oficializa\u00e7\u00e3o ocorrer\u00e1 nesta sexta-feira (5), no Centro de Conven\u00e7\u00f5es de Salvador<\/p>\n","protected":false},"author":2,"featured_media":44107,"comment_status":"open","ping_status":"open","sticky":false,"template":"","format":"standard","meta":{"om_disable_all_campaigns":false,"_monsterinsights_skip_tracking":false,"_monsterinsights_sitenote_active":false,"_monsterinsights_sitenote_note":"","_monsterinsights_sitenote_category":0,"footnotes":""},"categories":[33,70,69,21],"tags":[722,5545,54,4967],"class_list":["post-44106","post","type-post","status-publish","format-standard","has-post-thumbnail","hentry","category-bahia","category-destaques","category-noticias2","category-politica","tag-acm-neto","tag-ana-coelho","tag-bahia","tag-uniao-brasil"],"aioseo_notices":[],"_links":{"self":[{"href":"https:\/\/www.portalalerta.com.br\/index.php\/wp-json\/wp\/v2\/posts\/44106","targetHints":{"allow":["GET"]}}],"collection":[{"href":"https:\/\/www.portalalerta.com.br\/index.php\/wp-json\/wp\/v2\/posts"}],"about":[{"href":"https:\/\/www.portalalerta.com.br\/index.php\/wp-json\/wp\/v2\/types\/post"}],"author":[{"embeddable":true,"href":"https:\/\/www.portalalerta.com.br\/index.php\/wp-json\/wp\/v2\/users\/2"}],"replies":[{"embeddable":true,"href":"https:\/\/www.portalalerta.com.br\/index.php\/wp-json\/wp\/v2\/comments?post=44106"}],"version-history":[{"count":1,"href":"https:\/\/www.portalalerta.com.br\/index.php\/wp-json\/wp\/v2\/posts\/44106\/revisions"}],"predecessor-version":[{"id":44108,"href":"https:\/\/www.portalalerta.com.br\/index.php\/wp-json\/wp\/v2\/posts\/44106\/revisions\/44108"}],"wp:featuredmedia":[{"embeddable":true,"href":"https:\/\/www.portalalerta.com.br\/index.php\/wp-json\/wp\/v2\/media\/44107"}],"wp:attachment":[{"href":"https:\/\/www.portalalerta.com.br\/index.php\/wp-json\/wp\/v2\/media?parent=44106"}],"wp:term":[{"taxonomy":"category","embeddable":true,"href":"https:\/\/www.portalalerta.com.br\/index.php\/wp-json\/wp\/v2\/categories?post=44106"},{"taxonomy":"post_tag","embeddable":true,"href":"https:\/\/www.portalalerta.com.br\/index.php\/wp-json\/wp\/v2\/tags?post=44106"}],"curies":[{"name":"wp","href":"https:\/\/api.w.org\/{rel}","templated":true}]}}