{"id":44129,"date":"2022-08-05T18:34:23","date_gmt":"2022-08-05T21:34:23","guid":{"rendered":"https:\/\/www.portalalerta.com.br\/?p=44129"},"modified":"2022-08-05T18:34:25","modified_gmt":"2022-08-05T21:34:25","slug":"ministro-do-tse-determina-volta-de-ala-pro-pt-ao-comando-do-pros","status":"publish","type":"post","link":"https:\/\/www.portalalerta.com.br\/index.php\/2022\/08\/05\/ministro-do-tse-determina-volta-de-ala-pro-pt-ao-comando-do-pros\/","title":{"rendered":"Ministro do TSE determina volta de ala pr\u00f3-PT ao comando do Pros"},"content":{"rendered":"\n<p>O ministro Ricardo Lewandowski, do Tribunal Superior Eleitoral (TSE), determinou que Eur\u00edpedes J\u00fanior volte ao cargo de presidente do Pros.\u00a0<a href=\"https:\/\/www.portalalerta.com.br\/index.php\/2022\/08\/04\/pros-retira-candidatura-de-pablo-marcal-a-presidencia-e-declara-apoio-a-lula\/\"><strong>J\u00fanior \u00e9 da ala que fechou acordo para apoiar a chapa Lula-Alckmin j\u00e1 no primeiro turno nas elei\u00e7\u00f5es de outubro<\/strong><\/a>.<\/p>\n\n\n\n<!--more-->\n\n\n\n<p>Pela legisla\u00e7\u00e3o eleitoral, esta sexta (5) \u00e9 o \u00faltimo dia de prazo para que os partidos fa\u00e7am conven\u00e7\u00f5es e indiquem seus candidatos.<\/p>\n\n\n\n<p>No domingo (31), j\u00e1 houve uma conven\u00e7\u00e3o nacional do Pros, sob comando de Marcus Holanda.\u00a0<strong>O partido indicou Pablo Mar\u00e7al como candidato \u00e0 Presid\u00eancia<\/strong>.<\/p>\n\n\n\n<div class=\"wp-block-image\"><figure class=\"aligncenter size-full\"><img fetchpriority=\"high\" decoding=\"async\" width=\"720\" height=\"181\" src=\"https:\/\/www.portalalerta.com.br\/wp-content\/uploads\/2018\/02\/Auto-Escola-Nobre.jpg\" alt=\"\" class=\"wp-image-4869\" srcset=\"https:\/\/www.portalalerta.com.br\/wp-content\/uploads\/2018\/02\/Auto-Escola-Nobre.jpg 720w, https:\/\/www.portalalerta.com.br\/wp-content\/uploads\/2018\/02\/Auto-Escola-Nobre-260x65.jpg 260w, https:\/\/www.portalalerta.com.br\/wp-content\/uploads\/2018\/02\/Auto-Escola-Nobre-50x13.jpg 50w, https:\/\/www.portalalerta.com.br\/wp-content\/uploads\/2018\/02\/Auto-Escola-Nobre-150x38.jpg 150w\" sizes=\"(max-width: 720px) 100vw, 720px\" \/><\/figure><\/div>\n\n\n\n<p>O Pros deve realizar nova conven\u00e7\u00e3o ainda nesta sexta.<\/p>\n\n\n\n<h2 class=\"wp-block-heading\">Imbr\u00f3glio jur\u00eddico<\/h2>\n\n\n\n<p>\u00c9 mais uma etapa de uma disputa jur\u00eddica que se acirrou nos \u00faltimos dias.<\/p>\n\n\n\n<p>Em mar\u00e7o, o Tribunal de Justi\u00e7a do Distrito Federal afastou Eur\u00edpedes J\u00fanior&nbsp;da presid\u00eancia do Pros em raz\u00e3o de suposto desvio de recursos. O partido passou a ser comandado por Holanda.<\/p>\n\n\n\n<p>No domingo, horas ap\u00f3s a conven\u00e7\u00e3o, o ministro do Superior Tribunal de Justi\u00e7a (STJ) Jorge Mussi devolveu a presid\u00eancia da sigla a Eur\u00edpedes J\u00fanior&nbsp;at\u00e9 que o Tribunal de Justi\u00e7a do DF termine de julgar o processo que envolve a gest\u00e3o dele no Pros.<\/p>\n\n\n\n<p>Na quarta (3), tr\u00eas dias ap\u00f3s retomar o controle do Pros, Eur\u00edpedes J\u00fanior se reuniu em S\u00e3o Paulo com o candidato a vice-presidente da chapa encabe\u00e7ada por Lula, Geraldo Alckmin (PSB), e com o coordenador do programa de governo da chapa, Aloizio Mercadante.<\/p>\n\n\n\n<p>No encontro, J\u00fanior declarou apoio \u00e0 candidatura PT-PSB e se comprometeu a reverter a formaliza\u00e7\u00e3o da candidatura de Pablo Mar\u00e7al. Segundo nota divulgada pela equipe de Mercadante, a comitiva restitu\u00edda do Pros sugeriu a Alckmin e Mercadante a inclus\u00e3o de um programa de aux\u00edlio a endividados nos planos de governo da chapa. Desde a funda\u00e7\u00e3o do partido, em 2010, o Pros nunca lan\u00e7ou candidato pr\u00f3prio ao Planalto. A sigla sempre esteve ao lado do PT nas campanhas presidenciais.<\/p>\n\n\n\n<p>Na mesma quarta, a Justi\u00e7a devolveu o cargo de presidente do Pros a Marcus Holanda.&nbsp;O ministro Ant\u00f4nio Carlos Ferreira, do STJ, considerou que n\u00e3o era de compet\u00eancia do tribunall analisar o pedido de Eur\u00edpedes J\u00fanior, pois ainda h\u00e1 recursos a serem analisados em 2\u00aa inst\u00e2ncia na Justi\u00e7a do Distrito Federal.<\/p>\n\n\n\n<p>Eur\u00edpedes, ent\u00e3o, entrou na Justi\u00e7a novamente e obteve decis\u00e3o favor\u00e1vel de Ricardo Lewandowski.<\/p>\n\n\n\n<p><em>Fonte: G1<\/em><\/p>\n","protected":false},"excerpt":{"rendered":"<p>O ministro Ricardo Lewandowski, do Tribunal Superior Eleitoral (TSE), determinou que Eur\u00edpedes J\u00fanior volte ao cargo de presidente do Pros.\u00a0J\u00fanior \u00e9 da ala que fechou acordo para apoiar a chapa Lula-Alckmin j\u00e1 no primeiro turno nas elei\u00e7\u00f5es de outubro.<\/p>\n","protected":false},"author":2,"featured_media":10719,"comment_status":"open","ping_status":"open","sticky":false,"template":"","format":"standard","meta":{"om_disable_all_campaigns":false,"_monsterinsights_skip_tracking":false,"_monsterinsights_sitenote_active":false,"_monsterinsights_sitenote_note":"","_monsterinsights_sitenote_category":0,"footnotes":""},"categories":[34,70,69,21],"tags":[93,199,2732,304,549],"class_list":["post-44129","post","type-post","status-publish","format-standard","has-post-thumbnail","hentry","category-brasil","category-destaques","category-noticias2","category-politica","tag-brasil","tag-politica","tag-pros","tag-pt","tag-tse"],"aioseo_notices":[],"_links":{"self":[{"href":"https:\/\/www.portalalerta.com.br\/index.php\/wp-json\/wp\/v2\/posts\/44129","targetHints":{"allow":["GET"]}}],"collection":[{"href":"https:\/\/www.portalalerta.com.br\/index.php\/wp-json\/wp\/v2\/posts"}],"about":[{"href":"https:\/\/www.portalalerta.com.br\/index.php\/wp-json\/wp\/v2\/types\/post"}],"author":[{"embeddable":true,"href":"https:\/\/www.portalalerta.com.br\/index.php\/wp-json\/wp\/v2\/users\/2"}],"replies":[{"embeddable":true,"href":"https:\/\/www.portalalerta.com.br\/index.php\/wp-json\/wp\/v2\/comments?post=44129"}],"version-history":[{"count":1,"href":"https:\/\/www.portalalerta.com.br\/index.php\/wp-json\/wp\/v2\/posts\/44129\/revisions"}],"predecessor-version":[{"id":44130,"href":"https:\/\/www.portalalerta.com.br\/index.php\/wp-json\/wp\/v2\/posts\/44129\/revisions\/44130"}],"wp:featuredmedia":[{"embeddable":true,"href":"https:\/\/www.portalalerta.com.br\/index.php\/wp-json\/wp\/v2\/media\/10719"}],"wp:attachment":[{"href":"https:\/\/www.portalalerta.com.br\/index.php\/wp-json\/wp\/v2\/media?parent=44129"}],"wp:term":[{"taxonomy":"category","embeddable":true,"href":"https:\/\/www.portalalerta.com.br\/index.php\/wp-json\/wp\/v2\/categories?post=44129"},{"taxonomy":"post_tag","embeddable":true,"href":"https:\/\/www.portalalerta.com.br\/index.php\/wp-json\/wp\/v2\/tags?post=44129"}],"curies":[{"name":"wp","href":"https:\/\/api.w.org\/{rel}","templated":true}]}}