{"id":44134,"date":"2022-08-05T18:53:37","date_gmt":"2022-08-05T21:53:37","guid":{"rendered":"https:\/\/www.portalalerta.com.br\/?p=44134"},"modified":"2022-08-05T18:53:38","modified_gmt":"2022-08-05T21:53:38","slug":"acm-neto-anuncia-que-votara-em-marcelo-nilo-para-deputado-e-elogia-ze-ronaldo-em-meio-a-insatisfacao-na-base","status":"publish","type":"post","link":"https:\/\/www.portalalerta.com.br\/index.php\/2022\/08\/05\/acm-neto-anuncia-que-votara-em-marcelo-nilo-para-deputado-e-elogia-ze-ronaldo-em-meio-a-insatisfacao-na-base\/","title":{"rendered":"ACM Neto anuncia que votar\u00e1 em Marcelo Nilo para deputado e elogia Z\u00e9 Ronaldo em meio a insatisfa\u00e7\u00e3o na base"},"content":{"rendered":"\n<p>Ambos eram cotados para vice de Neto nas elei\u00e7\u00f5es deste ano, e ficaram insatisfeitos ap\u00f3s serem rifados da majorit\u00e1ria<\/p>\n\n\n\n<!--more-->\n\n\n\n<p>Ap\u00f3s a\u00a0<a href=\"https:\/\/www.portalalerta.com.br\/index.php\/2022\/08\/04\/acm-neto-confirma-ana-coelho-como-vice-e-ressalta-juventude-da-chapa-da-oposicao\/\"><strong>confirma\u00e7\u00e3o da empres\u00e1ria Ana Coelho (Republicanos) como vice na chapa de ACM Neto<\/strong><\/a>, o pr\u00e9-candidato ao governo do Uni\u00e3o Brasil afirmou, nesta quinta-feira (4), que votar\u00e1 em Marcelo Nilo (Republicanos) para deputado federal e elogiou o ex-prefeito de Feira de Santana, Z\u00e9 Ronaldo (UNI\u00c3O).<\/p>\n\n\n\n<p>Ambos eram cotados para vice de Neto nas elei\u00e7\u00f5es deste ano, e ficaram insatisfeitos ap\u00f3s serem rifados da majorit\u00e1ria.<\/p>\n\n\n\n<p><strong><em>&#8220;O deputado Marcelo Nilo retirou o nome dele desse processo. Hoje, dialoguei muito com ele, que ser\u00e1 candidato a deputado federal, inclusive, em homenagem e reconhecimento ao gesto dele, de ter sa\u00eddo da base do governo e ter vindo para c\u00e1, ter colocado posi\u00e7\u00f5es bem firmes em nossa defesa. Hoje eu disse a ele: &#8216;Marcelo, voc\u00ea ter\u00e1 o meu voto'&#8221;<\/em><\/strong>, revelou Neto, durante coletiva de imprensa.<\/p>\n\n\n\n<p>Em rela\u00e7\u00e3o a Z\u00e9 Ronaldo, Neto afirmou que gostaria que ele ainda tenha um papel importante na sua campanha, mas afirmou que vai respeitar a sua insatisfa\u00e7\u00e3o ap\u00f3s ficar fora da chapa. <strong><em>&#8220;Z\u00e9 tinha a expectativa de poder estar nessa chapa e, se Z\u00e9 aqui estivesse, estaria t\u00e3o feliz quanto eu estou com a companhia de Ana. Mas, em fun\u00e7\u00e3o da constru\u00e7\u00e3o pol\u00edtica, n\u00e3o foi poss\u00edvel. \u00c9 natural que ele tenha um tempo para refletir&#8221;<\/em><\/strong>, exprimiu.<\/p>\n\n\n\n<p><em>Fonte: Metro1<\/em><\/p>\n","protected":false},"excerpt":{"rendered":"<p>Ambos eram cotados para vice de Neto nas elei\u00e7\u00f5es deste ano, e ficaram insatisfeitos ap\u00f3s serem rifados da majorit\u00e1ria<\/p>\n","protected":false},"author":2,"featured_media":44135,"comment_status":"open","ping_status":"open","sticky":false,"template":"","format":"standard","meta":{"om_disable_all_campaigns":false,"_monsterinsights_skip_tracking":false,"_monsterinsights_sitenote_active":false,"_monsterinsights_sitenote_note":"","_monsterinsights_sitenote_category":0,"footnotes":""},"categories":[33,70,69,21],"tags":[722,54,2288,199,5217],"class_list":["post-44134","post","type-post","status-publish","format-standard","has-post-thumbnail","hentry","category-bahia","category-destaques","category-noticias2","category-politica","tag-acm-neto","tag-bahia","tag-marcelo-nilo","tag-politica","tag-ze-ronaldo"],"aioseo_notices":[],"_links":{"self":[{"href":"https:\/\/www.portalalerta.com.br\/index.php\/wp-json\/wp\/v2\/posts\/44134","targetHints":{"allow":["GET"]}}],"collection":[{"href":"https:\/\/www.portalalerta.com.br\/index.php\/wp-json\/wp\/v2\/posts"}],"about":[{"href":"https:\/\/www.portalalerta.com.br\/index.php\/wp-json\/wp\/v2\/types\/post"}],"author":[{"embeddable":true,"href":"https:\/\/www.portalalerta.com.br\/index.php\/wp-json\/wp\/v2\/users\/2"}],"replies":[{"embeddable":true,"href":"https:\/\/www.portalalerta.com.br\/index.php\/wp-json\/wp\/v2\/comments?post=44134"}],"version-history":[{"count":1,"href":"https:\/\/www.portalalerta.com.br\/index.php\/wp-json\/wp\/v2\/posts\/44134\/revisions"}],"predecessor-version":[{"id":44136,"href":"https:\/\/www.portalalerta.com.br\/index.php\/wp-json\/wp\/v2\/posts\/44134\/revisions\/44136"}],"wp:featuredmedia":[{"embeddable":true,"href":"https:\/\/www.portalalerta.com.br\/index.php\/wp-json\/wp\/v2\/media\/44135"}],"wp:attachment":[{"href":"https:\/\/www.portalalerta.com.br\/index.php\/wp-json\/wp\/v2\/media?parent=44134"}],"wp:term":[{"taxonomy":"category","embeddable":true,"href":"https:\/\/www.portalalerta.com.br\/index.php\/wp-json\/wp\/v2\/categories?post=44134"},{"taxonomy":"post_tag","embeddable":true,"href":"https:\/\/www.portalalerta.com.br\/index.php\/wp-json\/wp\/v2\/tags?post=44134"}],"curies":[{"name":"wp","href":"https:\/\/api.w.org\/{rel}","templated":true}]}}