{"id":44137,"date":"2022-08-05T18:58:37","date_gmt":"2022-08-05T21:58:37","guid":{"rendered":"https:\/\/www.portalalerta.com.br\/?p=44137"},"modified":"2022-08-05T18:58:38","modified_gmt":"2022-08-05T21:58:38","slug":"caos-na-administracao-publica-suspende-aulas-e-servicos-essenciais-em-ribeira-do-amparo-ba","status":"publish","type":"post","link":"https:\/\/www.portalalerta.com.br\/index.php\/2022\/08\/05\/caos-na-administracao-publica-suspende-aulas-e-servicos-essenciais-em-ribeira-do-amparo-ba\/","title":{"rendered":"Caos na Administra\u00e7\u00e3o P\u00fablica suspende aulas e servi\u00e7os essenciais em Ribeira do Amparo-BA"},"content":{"rendered":"\n<p>O munic\u00edpio de Ribeira do Amparo-BA continua ref\u00e9m do jogo pol\u00edtico envolvendo os poderes executivo e legislativo, em que os principais envolvidos, \u00e0queles que deveriam representar a popula\u00e7\u00e3o, n\u00e3o resolvem, e tampouco justificam suas a\u00e7\u00f5es, demonstrando n\u00e3o se importar com o alto pre\u00e7o que os cidad\u00e3os est\u00e3o pagando.<\/p>\n\n\n\n<!--more-->\n\n\n\n<div class=\"wp-block-image\"><figure class=\"alignleft size-full is-resized\"><img fetchpriority=\"high\" decoding=\"async\" src=\"https:\/\/www.portalalerta.com.br\/wp-content\/uploads\/2021\/04\/ELAB.jpg\" alt=\"\" class=\"wp-image-34795\" width=\"439\" height=\"350\" srcset=\"https:\/\/www.portalalerta.com.br\/wp-content\/uploads\/2021\/04\/ELAB.jpg 1000w, https:\/\/www.portalalerta.com.br\/wp-content\/uploads\/2021\/04\/ELAB-300x240.jpg 300w, https:\/\/www.portalalerta.com.br\/wp-content\/uploads\/2021\/04\/ELAB-768x614.jpg 768w, https:\/\/www.portalalerta.com.br\/wp-content\/uploads\/2021\/04\/ELAB-183x146.jpg 183w, https:\/\/www.portalalerta.com.br\/wp-content\/uploads\/2021\/04\/ELAB-50x40.jpg 50w, https:\/\/www.portalalerta.com.br\/wp-content\/uploads\/2021\/04\/ELAB-94x75.jpg 94w\" sizes=\"(max-width: 439px) 100vw, 439px\" \/><\/figure><\/div>\n\n\n\n<p>O munic\u00edpio, atrav\u00e9s do prefeito Germano Santana, alega que existem recursos dispon\u00edveis nas contas p\u00fablicas para serem aplicados para a execu\u00e7\u00e3o dos diversos servi\u00e7os, por\u00e9m existe um impedimento or\u00e7ament\u00e1rio. Para resolver o problema, foi solicitado junto \u00e0 C\u00e2mara de Vereadores uma suplementa\u00e7\u00e3o em 35% do or\u00e7amento, que n\u00e3o foi atendido pelo legislativo, que por sua vez, aprovou apenas 3%. O retorno dos trabalhos na C\u00e2mara Municipal estava previsto para esta semana, por\u00e9m n\u00e3o aconteceu por falta de qu\u00f3rum. <strong><a href=\"https:\/\/www.portalalerta.com.br\/index.php\/2022\/08\/03\/vereadores-se-ausentam-e-retorno-dos-trabalhos-legislativos-e-adiado-em-ribeira-do-amparo-ba\/\">Relembre<\/a><\/strong><\/p>\n\n\n\n<p>Na \u00faltima quinta-feira (04), a prefeitura anunciou a suspens\u00e3o da Coleta de Lixo. Antes disso, o fornecimento de \u00e1gua para as comunidades de: <strong>Fervente, Sete Casas, Cabo Verde, e Angico (Raspador)<\/strong>, est\u00e3o comprometidas, tendo em vista que as manuten\u00e7\u00f5es dos respectivos po\u00e7os artesianos tamb\u00e9m est\u00e3o suspensas pelo mesmo motivo.<\/p>\n\n\n\n<p>J\u00e1 nesta sexta-feira (05), a Secretaria Municipal de Educa\u00e7\u00e3o anunciou a suspens\u00e3o das aulas, j\u00e1 que a falta de recursos tem prejudicado os seguintes servi\u00e7os: <strong>compra de material de limpeza, manuten\u00e7\u00e3o, material did\u00e1tico, merenda escolar, combust\u00edvel para abastecimento dos transportes para estudantes e professores, manuten\u00e7\u00e3o dos carros, pagamento pessoal de apoio, contas de \u00e1gua e de energia el\u00e9trica<\/strong>.<\/p>\n\n\n\n<p><em>Reda\u00e7\u00e3o: Portal Alerta<\/em><\/p>\n\n\n\n<p><em>Com informa\u00e7\u00f5es: Joilson Costa<\/em><\/p>\n","protected":false},"excerpt":{"rendered":"<p>O munic\u00edpio de Ribeira do Amparo-BA continua ref\u00e9m do jogo pol\u00edtico envolvendo os poderes executivo e legislativo, em que os principais envolvidos, \u00e0queles que deveriam representar a popula\u00e7\u00e3o, n\u00e3o resolvem, e tampouco justificam suas a\u00e7\u00f5es, demonstrando n\u00e3o se importar com o alto pre\u00e7o que os cidad\u00e3os est\u00e3o pagando.<\/p>\n","protected":false},"author":2,"featured_media":5772,"comment_status":"open","ping_status":"open","sticky":false,"template":"","format":"standard","meta":{"om_disable_all_campaigns":false,"_monsterinsights_skip_tracking":false,"_monsterinsights_sitenote_active":false,"_monsterinsights_sitenote_note":"","_monsterinsights_sitenote_category":0,"footnotes":""},"categories":[70,20,69,21,32,16],"tags":[1146,211,4090,293,88,61],"class_list":["post-44137","post","type-post","status-publish","format-standard","has-post-thumbnail","hentry","category-destaques","category-educacao","category-noticias2","category-politica","category-regiao","category-ribeira-do-amparo","tag-aulas-suspensas","tag-camara-de-vereadores","tag-coleta-de-lixo","tag-orcamento","tag-ribeira-do-amparo","tag-saude"],"aioseo_notices":[],"_links":{"self":[{"href":"https:\/\/www.portalalerta.com.br\/index.php\/wp-json\/wp\/v2\/posts\/44137","targetHints":{"allow":["GET"]}}],"collection":[{"href":"https:\/\/www.portalalerta.com.br\/index.php\/wp-json\/wp\/v2\/posts"}],"about":[{"href":"https:\/\/www.portalalerta.com.br\/index.php\/wp-json\/wp\/v2\/types\/post"}],"author":[{"embeddable":true,"href":"https:\/\/www.portalalerta.com.br\/index.php\/wp-json\/wp\/v2\/users\/2"}],"replies":[{"embeddable":true,"href":"https:\/\/www.portalalerta.com.br\/index.php\/wp-json\/wp\/v2\/comments?post=44137"}],"version-history":[{"count":1,"href":"https:\/\/www.portalalerta.com.br\/index.php\/wp-json\/wp\/v2\/posts\/44137\/revisions"}],"predecessor-version":[{"id":44138,"href":"https:\/\/www.portalalerta.com.br\/index.php\/wp-json\/wp\/v2\/posts\/44137\/revisions\/44138"}],"wp:featuredmedia":[{"embeddable":true,"href":"https:\/\/www.portalalerta.com.br\/index.php\/wp-json\/wp\/v2\/media\/5772"}],"wp:attachment":[{"href":"https:\/\/www.portalalerta.com.br\/index.php\/wp-json\/wp\/v2\/media?parent=44137"}],"wp:term":[{"taxonomy":"category","embeddable":true,"href":"https:\/\/www.portalalerta.com.br\/index.php\/wp-json\/wp\/v2\/categories?post=44137"},{"taxonomy":"post_tag","embeddable":true,"href":"https:\/\/www.portalalerta.com.br\/index.php\/wp-json\/wp\/v2\/tags?post=44137"}],"curies":[{"name":"wp","href":"https:\/\/api.w.org\/{rel}","templated":true}]}}