{"id":44545,"date":"2022-09-03T21:53:52","date_gmt":"2022-09-04T00:53:52","guid":{"rendered":"https:\/\/www.portalalerta.com.br\/?p=44545"},"modified":"2022-09-03T21:53:54","modified_gmt":"2022-09-04T00:53:54","slug":"motociclista-atropelado-por-salles-ele-estava-acuado-faria-o-mesmo","status":"publish","type":"post","link":"https:\/\/www.portalalerta.com.br\/index.php\/2022\/09\/03\/motociclista-atropelado-por-salles-ele-estava-acuado-faria-o-mesmo\/","title":{"rendered":"Motociclista atropelado por Salles: &#8220;Ele estava acuado. Faria o mesmo&#8221;"},"content":{"rendered":"\n<p>Ex-ministro do Meio Ambiente publicou v\u00eddeo com o motoboy explicando como acabou sendo atropelado por Salles<\/p>\n\n\n\n<!--more-->\n\n\n\n<div class=\"wp-block-image\"><figure class=\"alignleft size-full is-resized\"><img fetchpriority=\"high\" decoding=\"async\" src=\"https:\/\/www.portalalerta.com.br\/wp-content\/uploads\/2022\/03\/Cred-Real.1.jpg\" alt=\"\" class=\"wp-image-41523\" width=\"409\" height=\"327\" srcset=\"https:\/\/www.portalalerta.com.br\/wp-content\/uploads\/2022\/03\/Cred-Real.1.jpg 500w, https:\/\/www.portalalerta.com.br\/wp-content\/uploads\/2022\/03\/Cred-Real.1-300x240.jpg 300w, https:\/\/www.portalalerta.com.br\/wp-content\/uploads\/2022\/03\/Cred-Real.1-183x146.jpg 183w, https:\/\/www.portalalerta.com.br\/wp-content\/uploads\/2022\/03\/Cred-Real.1-50x40.jpg 50w, https:\/\/www.portalalerta.com.br\/wp-content\/uploads\/2022\/03\/Cred-Real.1-94x75.jpg 94w\" sizes=\"(max-width: 409px) 100vw, 409px\" \/><\/figure><\/div>\n\n\n\n<p>O ex-ministro do Meio Ambiente Ricardo Salles postou um v\u00eddeo, nesta sexta-feira (02), onde o motoqueiro atropelado por ele, na noite de sexta (1\u00ba), diz que recebeu <strong>\u201ctodo suporte\u201d<\/strong> do candidato a deputado federal pelo PL.<\/p>\n\n\n\n<p>Nas imagens, o homem diz que Salles foi <strong><em>&#8220;acuado&#8221;<\/em><\/strong> por alunos de esquerda que protestavam do lado de fora da ESPM.<\/p>\n\n\n\n<p><strong><em>\u201cEu estava trabalhando e vi um tumulto. Vi dois carros saindo e sendo acuados e o carro acabou me atropelando. N\u00e3o sabia o que estava acontecendo, mas descobri que era o Ricardo Salles, que acabou me dando toda a assist\u00eancia. Perguntou se eu queria ir para o hospital\u2026 me ligou depois e pagou todos os danos da minha moto\u201d<\/em><\/strong>, afirmou. <strong><em>\u201cEle estava sendo acuado, eu no caso faria o mesmo\u201d<\/em><\/strong>, concluiu.<\/p>\n\n\n\n<blockquote class=\"twitter-tweet\"><p lang=\"zxx\" dir=\"ltr\"><a href=\"https:\/\/t.co\/R8Ta40vOZq\">pic.twitter.com\/R8Ta40vOZq<\/a><\/p>&mdash; Ricardo Salles 2250 (@rsallesmma) <a href=\"https:\/\/twitter.com\/rsallesmma\/status\/1565719642097815553?ref_src=twsrc%5Etfw\">September 2, 2022<\/a><\/blockquote> <script async src=\"https:\/\/platform.twitter.com\/widgets.js\" charset=\"utf-8\"><\/script>\n\n\n\n<p><a href=\"https:\/\/www.correiobraziliense.com.br\/brasil\/2022\/09\/5033975-ricardo-salles-bate-em-moto-de-entregador-e-sai-sem-prestar-socorro.html\">Imagens publicadas nas redes sociais mostram o ex-ministro dirigindo um carro e batendo na moto de um entregador.<\/a>&nbsp;Nos v\u00eddeos, \u00e9 poss\u00edvel ver que Salles segue com seu carro e n\u00e3o para para ver o que aconteceu com o motoboy naquele momento.<\/p>\n\n\n\n<p>O caso ocorreu na noite de quinta em uma faculdade privada em S\u00e3o Paulo. Um grupo de manifestantes protestava contra a presen\u00e7a de Salles no momento em que ele deixava a garagem da institui\u00e7\u00e3o. Nos v\u00eddeos, tamb\u00e9m \u00e9 poss\u00edvel ver o ex-ministro dirigindo um ve\u00edculo vermelho de forma brusca.<\/p>\n\n\n\n<p><em>Fonte: Correio Braziliense<\/em><\/p>\n","protected":false},"excerpt":{"rendered":"<p>Ex-ministro do Meio Ambiente publicou v\u00eddeo com o motoboy explicando como acabou sendo atropelado por Salles<\/p>\n","protected":false},"author":2,"featured_media":44546,"comment_status":"open","ping_status":"open","sticky":false,"template":"","format":"standard","meta":{"om_disable_all_campaigns":false,"_monsterinsights_skip_tracking":false,"_monsterinsights_sitenote_active":false,"_monsterinsights_sitenote_note":"","_monsterinsights_sitenote_category":0,"footnotes":""},"categories":[34,70,69,21],"tags":[166,93,541,3777],"class_list":["post-44545","post","type-post","status-publish","format-standard","has-post-thumbnail","hentry","category-brasil","category-destaques","category-noticias2","category-politica","tag-acidente","tag-brasil","tag-ex-ministro","tag-ricardo-salles"],"aioseo_notices":[],"_links":{"self":[{"href":"https:\/\/www.portalalerta.com.br\/index.php\/wp-json\/wp\/v2\/posts\/44545","targetHints":{"allow":["GET"]}}],"collection":[{"href":"https:\/\/www.portalalerta.com.br\/index.php\/wp-json\/wp\/v2\/posts"}],"about":[{"href":"https:\/\/www.portalalerta.com.br\/index.php\/wp-json\/wp\/v2\/types\/post"}],"author":[{"embeddable":true,"href":"https:\/\/www.portalalerta.com.br\/index.php\/wp-json\/wp\/v2\/users\/2"}],"replies":[{"embeddable":true,"href":"https:\/\/www.portalalerta.com.br\/index.php\/wp-json\/wp\/v2\/comments?post=44545"}],"version-history":[{"count":1,"href":"https:\/\/www.portalalerta.com.br\/index.php\/wp-json\/wp\/v2\/posts\/44545\/revisions"}],"predecessor-version":[{"id":44547,"href":"https:\/\/www.portalalerta.com.br\/index.php\/wp-json\/wp\/v2\/posts\/44545\/revisions\/44547"}],"wp:featuredmedia":[{"embeddable":true,"href":"https:\/\/www.portalalerta.com.br\/index.php\/wp-json\/wp\/v2\/media\/44546"}],"wp:attachment":[{"href":"https:\/\/www.portalalerta.com.br\/index.php\/wp-json\/wp\/v2\/media?parent=44545"}],"wp:term":[{"taxonomy":"category","embeddable":true,"href":"https:\/\/www.portalalerta.com.br\/index.php\/wp-json\/wp\/v2\/categories?post=44545"},{"taxonomy":"post_tag","embeddable":true,"href":"https:\/\/www.portalalerta.com.br\/index.php\/wp-json\/wp\/v2\/tags?post=44545"}],"curies":[{"name":"wp","href":"https:\/\/api.w.org\/{rel}","templated":true}]}}