{"id":44548,"date":"2022-09-03T21:57:58","date_gmt":"2022-09-04T00:57:58","guid":{"rendered":"https:\/\/www.portalalerta.com.br\/?p=44548"},"modified":"2022-09-03T21:57:59","modified_gmt":"2022-09-04T00:57:59","slug":"pai-suspeito-de-abusar-da-propria-filha-e-preso-em-euclides-da-cunha-ba","status":"publish","type":"post","link":"https:\/\/www.portalalerta.com.br\/index.php\/2022\/09\/03\/pai-suspeito-de-abusar-da-propria-filha-e-preso-em-euclides-da-cunha-ba\/","title":{"rendered":"Pai suspeito de abusar da pr\u00f3pria filha \u00e9 preso em Euclides da Cunha-BA"},"content":{"rendered":"\n<p>Uma investiga\u00e7\u00e3o da Delegacia Territorial (DT) de Euclides da Cunha-BA resultou na pris\u00e3o, na \u00faltima sexta-feira (2), de um homem de 44 anos, suspeito de abusar sexualmente da pr\u00f3pria filha. A apura\u00e7\u00e3o teve o apoio do Conselho Tutelar e do 5\u00ba Batalh\u00e3o de Pol\u00edcia Militar daquele munic\u00edpio.<\/p>\n\n\n\n<!--more-->\n\n\n\n<p>A Pol\u00edcia Civil recebeu a den\u00fancia no dia 15 de agosto, iniciando a apura\u00e7\u00e3o do caso. Confirmadas as acusa\u00e7\u00f5es, a DT solicitou a pris\u00e3o preventiva do homem, posteriormente deferida pelo Poder Judici\u00e1rio. Na sexta (2), ele foi localizado no povoado Lagoa do Cup\u00e3, na zona rural de Euclides da Cunha.<\/p>\n\n\n\n<p>O suspeito teve o mandado de pris\u00e3o por estupro de vulner\u00e1vel cumprido e foi conduzido \u00e0 unidade policial. Ele est\u00e1 \u00e0 disposi\u00e7\u00e3o do Poder Judici\u00e1rio.<\/p>\n\n\n\n<p><em>Fonte: Informe Baiano<\/em><\/p>\n","protected":false},"excerpt":{"rendered":"<p>Uma investiga\u00e7\u00e3o da Delegacia Territorial (DT) de Euclides da Cunha-BA resultou na pris\u00e3o, na \u00faltima sexta-feira (2), de um homem de 44 anos, suspeito de abusar sexualmente da pr\u00f3pria filha. A apura\u00e7\u00e3o teve o apoio do Conselho Tutelar e do 5\u00ba Batalh\u00e3o de Pol\u00edcia Militar daquele munic\u00edpio.<\/p>\n","protected":false},"author":2,"featured_media":3995,"comment_status":"open","ping_status":"open","sticky":false,"template":"","format":"standard","meta":{"om_disable_all_campaigns":false,"_monsterinsights_skip_tracking":false,"_monsterinsights_sitenote_active":false,"_monsterinsights_sitenote_note":"","_monsterinsights_sitenote_category":0,"footnotes":""},"categories":[70,17,69,32,22],"tags":[56,129,522,122,77],"class_list":["post-44548","post","type-post","status-publish","format-standard","has-post-thumbnail","hentry","category-destaques","category-euclides-da-cunha","category-noticias2","category-regiao","category-seguranca","tag-estupro","tag-euclides-da-cunha","tag-pai","tag-policia-civil","tag-preso"],"aioseo_notices":[],"_links":{"self":[{"href":"https:\/\/www.portalalerta.com.br\/index.php\/wp-json\/wp\/v2\/posts\/44548","targetHints":{"allow":["GET"]}}],"collection":[{"href":"https:\/\/www.portalalerta.com.br\/index.php\/wp-json\/wp\/v2\/posts"}],"about":[{"href":"https:\/\/www.portalalerta.com.br\/index.php\/wp-json\/wp\/v2\/types\/post"}],"author":[{"embeddable":true,"href":"https:\/\/www.portalalerta.com.br\/index.php\/wp-json\/wp\/v2\/users\/2"}],"replies":[{"embeddable":true,"href":"https:\/\/www.portalalerta.com.br\/index.php\/wp-json\/wp\/v2\/comments?post=44548"}],"version-history":[{"count":1,"href":"https:\/\/www.portalalerta.com.br\/index.php\/wp-json\/wp\/v2\/posts\/44548\/revisions"}],"predecessor-version":[{"id":44549,"href":"https:\/\/www.portalalerta.com.br\/index.php\/wp-json\/wp\/v2\/posts\/44548\/revisions\/44549"}],"wp:featuredmedia":[{"embeddable":true,"href":"https:\/\/www.portalalerta.com.br\/index.php\/wp-json\/wp\/v2\/media\/3995"}],"wp:attachment":[{"href":"https:\/\/www.portalalerta.com.br\/index.php\/wp-json\/wp\/v2\/media?parent=44548"}],"wp:term":[{"taxonomy":"category","embeddable":true,"href":"https:\/\/www.portalalerta.com.br\/index.php\/wp-json\/wp\/v2\/categories?post=44548"},{"taxonomy":"post_tag","embeddable":true,"href":"https:\/\/www.portalalerta.com.br\/index.php\/wp-json\/wp\/v2\/tags?post=44548"}],"curies":[{"name":"wp","href":"https:\/\/api.w.org\/{rel}","templated":true}]}}