{"id":44550,"date":"2022-09-03T22:08:24","date_gmt":"2022-09-04T01:08:24","guid":{"rendered":"https:\/\/www.portalalerta.com.br\/?p=44550"},"modified":"2022-09-03T22:08:25","modified_gmt":"2022-09-04T01:08:25","slug":"casa-do-ex-juiz-sergio-moro-e-alvo-de-busca-e-apreensao-neste-sabado","status":"publish","type":"post","link":"https:\/\/www.portalalerta.com.br\/index.php\/2022\/09\/03\/casa-do-ex-juiz-sergio-moro-e-alvo-de-busca-e-apreensao-neste-sabado\/","title":{"rendered":"Casa do ex juiz S\u00e9rgio Moro \u00e9 alvo de busca e apreens\u00e3o neste s\u00e1bado"},"content":{"rendered":"\n<p>A Justi\u00e7a Eleitoral cumpriu, na manh\u00e3 deste s\u00e1bado (3), mandados de busca e apreens\u00e3o na casa do\u00a0ex-juiz Sergio Moro, em Curitiba (PR).<\/p>\n\n\n\n<!--more-->\n\n\n\n<p>Candidato ao Senado pelo Paran\u00e1, Moro (Uni\u00e3o Brasil) \u00e9 acusado de distribuir materiais de campanha irregulares.<\/p>\n\n\n\n<p>O TRE do Paran\u00e1 (Tribunal Regional Eleitoral) atendeu um\u00a0pedido dos advogados do PT\u00a0que alegaram que os materiais impressos da campanha do ex-juiz violam a legisla\u00e7\u00e3o eleitoral. O advogado do partido, Luiz Eduardo Peccinin tamb\u00e9m reclamou \u00e0 Justi\u00e7a que as redes sociais de Moro t\u00eam veiculado propaganda irregular, <strong><em>&#8220;ante a desconformidade entre o tamanho da fonte do nome do candidato a senador relativamente a dos suplentes&#8221;<\/em><\/strong>.<\/p>\n\n\n\n<div class=\"wp-block-image\"><figure class=\"alignleft size-full is-resized\"><img fetchpriority=\"high\" decoding=\"async\" src=\"https:\/\/www.portalalerta.com.br\/wp-content\/uploads\/2021\/04\/ELAB.jpg\" alt=\"\" class=\"wp-image-34795\" width=\"405\" height=\"323\" srcset=\"https:\/\/www.portalalerta.com.br\/wp-content\/uploads\/2021\/04\/ELAB.jpg 1000w, https:\/\/www.portalalerta.com.br\/wp-content\/uploads\/2021\/04\/ELAB-300x240.jpg 300w, https:\/\/www.portalalerta.com.br\/wp-content\/uploads\/2021\/04\/ELAB-768x614.jpg 768w, https:\/\/www.portalalerta.com.br\/wp-content\/uploads\/2021\/04\/ELAB-183x146.jpg 183w, https:\/\/www.portalalerta.com.br\/wp-content\/uploads\/2021\/04\/ELAB-50x40.jpg 50w, https:\/\/www.portalalerta.com.br\/wp-content\/uploads\/2021\/04\/ELAB-94x75.jpg 94w\" sizes=\"(max-width: 405px) 100vw, 405px\" \/><\/figure><\/div>\n\n\n\n<p>A Justi\u00e7a determinou a exclus\u00e3o de todos os v\u00eddeos do canal de S\u00e9rgio Moro no YouTube, inclusive aqueles que fazem men\u00e7\u00f5es e cr\u00edticas ao\u00a0ex-presidente Luiz In\u00e1cio Lula da Silva, al\u00e9m de dezenas de links nas p\u00e1ginas sociais de sua campanha.<\/p>\n\n\n\n<p>Procurada,\u00a0a defesa de Moro\u00a0confirmou a opera\u00e7\u00e3o e disse que em breve a assessoria do ex-ministro vai se manifestar.<\/p>\n\n\n\n<p>O apartamento de\u00a0Sergio Moro\u00a0foi o local da busca e apreens\u00e3o porque ele foi registra do como sendo o comit\u00ea central da sua campanha ao Senado.<\/p>\n\n\n\n<p>Para o advogado da federa\u00e7\u00e3o, Luiz Eduardo Peccinin, &#8220;a Justi\u00e7a eleitoral paranaense garante a igualdade no cumprimento da lei para todos os candidatos. O crit\u00e9rio \u00e9 objetivo e praticamente toda a campanha dos candidatos est\u00e1 irregular. No caso de S\u00e9rgio Moro, sua propaganda visivelmente tenta esconder seus suplentes do eleitor, por isso deve ser inteiramente suspensa&#8221;.<\/p>\n\n\n\n<p><strong>Desaven\u00e7as nas redes sociais<\/strong><\/p>\n\n\n\n<p>Lula e Moro tem se alfinetado mutuamente pelas redes sociais. Na \u00faltima quarta-feira (31), o ex ministro da Justi\u00e7a de Bolsonaro (PL) disse em suas redes sociais: &#8220;N\u00e3o tenho d\u00favidas de que voc\u00ea, Lula, \u00e9 t\u00e3o inocente como o Eduardo Cunha&#8221;, em refer\u00eancia ao ex-deputado que foi condenado a 15 anos por corrup\u00e7\u00e3o passiva e lavagem de dinheiro na Lava Jato no Paran\u00e1.<\/p>\n\n\n\n<p>Anteriormente, o ex-presidente tinha acusado Moro de conden\u00e1-lo por interesse pol\u00edtico. <strong><em>\u201cMesmo com tantas absolvi\u00e7\u00f5es, tem gente que insiste em n\u00e3o reconhecer\u201d<\/em><\/strong>, afirmou o ex-presidente.<\/p>\n\n\n\n<blockquote class=\"twitter-tweet\"><p lang=\"pt\" dir=\"ltr\">N\u00e3o tenho d\u00favidas de que vc, Lula, \u00e9 t\u00e3o inocente como o Eduardo Cunha. Ser beneficiado por um erro do STF n\u00e3o te absolve. O Tribunal de Porto Alegre e o STJ tamb\u00e9m te condenaram. E o STF n\u00e3o disse que vc \u00e9 inocente. Pare de mentir ao povo. <a href=\"https:\/\/t.co\/U1GLtnulEE\">pic.twitter.com\/U1GLtnulEE<\/a><\/p>&mdash; Sergio Moro (@SF_Moro) <a href=\"https:\/\/twitter.com\/SF_Moro\/status\/1565014672260186113?ref_src=twsrc%5Etfw\">August 31, 2022<\/a><\/blockquote> <script async src=\"https:\/\/platform.twitter.com\/widgets.js\" charset=\"utf-8\"><\/script>\n\n\n\n<p><em>Fonte: Yahoo Not\u00edcias<\/em><\/p>\n","protected":false},"excerpt":{"rendered":"<p>A Justi\u00e7a Eleitoral cumpriu, na manh\u00e3 deste s\u00e1bado (3), mandados de busca e apreens\u00e3o na casa do\u00a0ex-juiz Sergio Moro, em Curitiba (PR).<\/p>\n","protected":false},"author":2,"featured_media":29206,"comment_status":"open","ping_status":"open","sticky":false,"template":"","format":"standard","meta":{"om_disable_all_campaigns":false,"_monsterinsights_skip_tracking":false,"_monsterinsights_sitenote_active":false,"_monsterinsights_sitenote_note":"","_monsterinsights_sitenote_category":0,"footnotes":""},"categories":[34,70,69,21],"tags":[93,2535,4484,541,199,443],"class_list":["post-44550","post","type-post","status-publish","format-standard","has-post-thumbnail","hentry","category-brasil","category-destaques","category-noticias2","category-politica","tag-brasil","tag-busca-e-apreensao","tag-ex-juiz","tag-ex-ministro","tag-politica","tag-sergio-moro"],"aioseo_notices":[],"_links":{"self":[{"href":"https:\/\/www.portalalerta.com.br\/index.php\/wp-json\/wp\/v2\/posts\/44550","targetHints":{"allow":["GET"]}}],"collection":[{"href":"https:\/\/www.portalalerta.com.br\/index.php\/wp-json\/wp\/v2\/posts"}],"about":[{"href":"https:\/\/www.portalalerta.com.br\/index.php\/wp-json\/wp\/v2\/types\/post"}],"author":[{"embeddable":true,"href":"https:\/\/www.portalalerta.com.br\/index.php\/wp-json\/wp\/v2\/users\/2"}],"replies":[{"embeddable":true,"href":"https:\/\/www.portalalerta.com.br\/index.php\/wp-json\/wp\/v2\/comments?post=44550"}],"version-history":[{"count":1,"href":"https:\/\/www.portalalerta.com.br\/index.php\/wp-json\/wp\/v2\/posts\/44550\/revisions"}],"predecessor-version":[{"id":44551,"href":"https:\/\/www.portalalerta.com.br\/index.php\/wp-json\/wp\/v2\/posts\/44550\/revisions\/44551"}],"wp:featuredmedia":[{"embeddable":true,"href":"https:\/\/www.portalalerta.com.br\/index.php\/wp-json\/wp\/v2\/media\/29206"}],"wp:attachment":[{"href":"https:\/\/www.portalalerta.com.br\/index.php\/wp-json\/wp\/v2\/media?parent=44550"}],"wp:term":[{"taxonomy":"category","embeddable":true,"href":"https:\/\/www.portalalerta.com.br\/index.php\/wp-json\/wp\/v2\/categories?post=44550"},{"taxonomy":"post_tag","embeddable":true,"href":"https:\/\/www.portalalerta.com.br\/index.php\/wp-json\/wp\/v2\/tags?post=44550"}],"curies":[{"name":"wp","href":"https:\/\/api.w.org\/{rel}","templated":true}]}}