{"id":44565,"date":"2022-09-04T22:41:16","date_gmt":"2022-09-05T01:41:16","guid":{"rendered":"https:\/\/www.portalalerta.com.br\/?p=44565"},"modified":"2022-09-04T22:41:17","modified_gmt":"2022-09-05T01:41:17","slug":"briga-de-torcidas-organizadas-de-bahia-e-vitoria-tem-tres-feridos-pm-prende-53-torcedores","status":"publish","type":"post","link":"https:\/\/www.portalalerta.com.br\/index.php\/2022\/09\/04\/briga-de-torcidas-organizadas-de-bahia-e-vitoria-tem-tres-feridos-pm-prende-53-torcedores\/","title":{"rendered":"Briga de torcidas organizadas de Bahia e Vit\u00f3ria tem tr\u00eas feridos; PM prende 53 torcedores"},"content":{"rendered":"\n<p>Uma briga entre integrantes da Torcida Uniformizada Os Imbat\u00edveis (TUI), ligada ao Vit\u00f3ria, e da Torcida Organizada Bamor, ligada ao Bahia, terminou com pelo menos tr\u00eas homens feridos no in\u00edcio da tarde deste domingo (4), nas proximidades do Largo da Argeral, no bairro de S\u00e3o Caetano, em Salvador.<\/p>\n\n\n\n<!--more-->\n\n\n\n<p>Em v\u00eddeos que circulam nas redes sociais, \u00e9 poss\u00edvel ver homens vestindo camisetas da TUI agredindo tr\u00eas outros rapazes, j\u00e1 no ch\u00e3o e desacordados. De acordo com a Pol\u00edcia Civil, o Servi\u00e7o de Atendimento M\u00f3vel de Urg\u00eancia (Samu) foi acionado e levou as v\u00edtimas para o Hospital Geral do Estado (HGE), mas ainda n\u00e3o h\u00e1 detalhes sobre os estados de sa\u00fade dos tr\u00eas homens.<\/p>\n\n\n\n<p>A Pol\u00edcia Militar da Bahia (PM-BA)&nbsp;chegou a ser acionada para conter a confus\u00e3o e deteve 53 homens uniformizados com os s\u00edmbolos da TUI, j\u00e1 depois das agress\u00f5es. Eles se preparavam para ir ao Barrad\u00e3o no fim da tarde deste domingo, quando o Vit\u00f3ria enfrenta o ABC do Rio Grande do Norte, em um jogo pela segunda fase da S\u00e9rie C do Campeonato Brasileiro.<\/p>\n\n\n\n<div class=\"wp-block-image\"><figure class=\"aligncenter size-full\"><img fetchpriority=\"high\" decoding=\"async\" width=\"720\" height=\"181\" src=\"https:\/\/www.portalalerta.com.br\/wp-content\/uploads\/2018\/02\/Auto-Escola-Nobre.jpg\" alt=\"\" class=\"wp-image-4869\" srcset=\"https:\/\/www.portalalerta.com.br\/wp-content\/uploads\/2018\/02\/Auto-Escola-Nobre.jpg 720w, https:\/\/www.portalalerta.com.br\/wp-content\/uploads\/2018\/02\/Auto-Escola-Nobre-260x65.jpg 260w, https:\/\/www.portalalerta.com.br\/wp-content\/uploads\/2018\/02\/Auto-Escola-Nobre-50x13.jpg 50w, https:\/\/www.portalalerta.com.br\/wp-content\/uploads\/2018\/02\/Auto-Escola-Nobre-150x38.jpg 150w\" sizes=\"(max-width: 720px) 100vw, 720px\" \/><\/figure><\/div>\n\n\n\n<p>Apesar do Bahia ter jogado neste s\u00e1bado (3) em uma outra competi\u00e7\u00e3o, \u00e9 esperado que integrantes da Bamor tamb\u00e9m compare\u00e7am ao Barrad\u00e3o para o jogo do Vit\u00f3ria, devido \u00e0 alian\u00e7a da organizada tricolor com a Garra Alvinegra, grupo ligado ao ABC, que esteve com uma bandeira durante do jogo na Fonte Nova.<\/p>\n\n\n\n<p>Os 53 torcedores presos pela PM-BA foram encaminhados para a Central de Flagrantes, da&nbsp;Pol\u00edcia Civil da Bahia, que&nbsp;investiga o caso. A ocorr\u00eancia ainda est\u00e1 em processo de formaliza\u00e7\u00e3o e os envolvidos ainda ser\u00e3o ouvidos.<\/p>\n\n\n\n<p><strong>NOTA DO BAHIA<\/strong><\/p>\n\n\n\n<p>O Esporte Clube Bahia divulgou uma nota lamentando as agress\u00f5es e declarou que os feridos s\u00e3o <strong><em>&#8220;v\u00edtimas da impunidade&#8221;<\/em><\/strong>. Segundo o clube tricolor, a viol\u00eancia \u00e9 resultado da lentid\u00e3o e da falta de firmeza das autoridades p\u00fablicas em punir os agressores no meio do futebol.<\/p>\n\n\n\n<p><strong><em>&#8220;Mais de seis meses depois, ningu\u00e9m foi responsabilizado pelo atentado ao nosso \u00f4nibus, em fevereiro, para citar apenas um exemplo de um caso absolutamente extremo. O recado que passa \u00e9: tudo pode; t\u00e1 tudo liberado&#8221;,<\/em><\/strong> reclamou o Bahia.<\/p>\n\n\n\n<p>No caso lembrado pelo Bahia, ocorrido em fevereiro, quatro integrante da Torcida Organizada Bamor foram indiciados por <strong><em>&#8220;les\u00e3o corporal leve&#8221;<\/em><\/strong> quase cinco meses depois, no in\u00edcio de julho. O atentato ao \u00f4nibus tricolor, com bombas de fabrica\u00e7\u00e3o caseira, feriu com certa gravidade o&nbsp;goleiro Danilo Fernandes.<\/p>\n\n\n\n<blockquote class=\"twitter-tweet\"><p lang=\"zxx\" dir=\"ltr\"><a href=\"https:\/\/t.co\/v72i1FK3jn\">pic.twitter.com\/v72i1FK3jn<\/a><\/p>&mdash; Esporte Clube Bahia (@ECBahia) <a href=\"https:\/\/twitter.com\/ECBahia\/status\/1566508144393691138?ref_src=twsrc%5Etfw\">September 4, 2022<\/a><\/blockquote> <script async src=\"https:\/\/platform.twitter.com\/widgets.js\" charset=\"utf-8\"><\/script>\n\n\n\n<p>&nbsp;<em>Fonte: Bahia Not\u00edcias<\/em><\/p>\n","protected":false},"excerpt":{"rendered":"<p>Uma briga entre integrantes da Torcida Uniformizada Os Imbat\u00edveis (TUI), ligada ao Vit\u00f3ria, e da Torcida Organizada Bamor, ligada ao Bahia, terminou com pelo menos tr\u00eas homens feridos no in\u00edcio da tarde deste domingo (4), nas proximidades do Largo da Argeral, no bairro de S\u00e3o Caetano, em Salvador.<\/p>\n","protected":false},"author":2,"featured_media":44566,"comment_status":"open","ping_status":"open","sticky":false,"template":"","format":"standard","meta":{"om_disable_all_campaigns":false,"_monsterinsights_skip_tracking":false,"_monsterinsights_sitenote_active":false,"_monsterinsights_sitenote_note":"","_monsterinsights_sitenote_category":0,"footnotes":""},"categories":[33,70,2,69,22],"tags":[54,4922,5277,1693,5048,330],"class_list":["post-44565","post","type-post","status-publish","format-standard","has-post-thumbnail","hentry","category-bahia","category-destaques","category-esportes","category-noticias2","category-seguranca","tag-bahia","tag-briga","tag-briga-entre-torcidas","tag-esporte-clube-bahia","tag-esporte-clube-vitoria","tag-salvador"],"aioseo_notices":[],"_links":{"self":[{"href":"https:\/\/www.portalalerta.com.br\/index.php\/wp-json\/wp\/v2\/posts\/44565","targetHints":{"allow":["GET"]}}],"collection":[{"href":"https:\/\/www.portalalerta.com.br\/index.php\/wp-json\/wp\/v2\/posts"}],"about":[{"href":"https:\/\/www.portalalerta.com.br\/index.php\/wp-json\/wp\/v2\/types\/post"}],"author":[{"embeddable":true,"href":"https:\/\/www.portalalerta.com.br\/index.php\/wp-json\/wp\/v2\/users\/2"}],"replies":[{"embeddable":true,"href":"https:\/\/www.portalalerta.com.br\/index.php\/wp-json\/wp\/v2\/comments?post=44565"}],"version-history":[{"count":1,"href":"https:\/\/www.portalalerta.com.br\/index.php\/wp-json\/wp\/v2\/posts\/44565\/revisions"}],"predecessor-version":[{"id":44567,"href":"https:\/\/www.portalalerta.com.br\/index.php\/wp-json\/wp\/v2\/posts\/44565\/revisions\/44567"}],"wp:featuredmedia":[{"embeddable":true,"href":"https:\/\/www.portalalerta.com.br\/index.php\/wp-json\/wp\/v2\/media\/44566"}],"wp:attachment":[{"href":"https:\/\/www.portalalerta.com.br\/index.php\/wp-json\/wp\/v2\/media?parent=44565"}],"wp:term":[{"taxonomy":"category","embeddable":true,"href":"https:\/\/www.portalalerta.com.br\/index.php\/wp-json\/wp\/v2\/categories?post=44565"},{"taxonomy":"post_tag","embeddable":true,"href":"https:\/\/www.portalalerta.com.br\/index.php\/wp-json\/wp\/v2\/tags?post=44565"}],"curies":[{"name":"wp","href":"https:\/\/api.w.org\/{rel}","templated":true}]}}