{"id":44568,"date":"2022-09-05T07:00:00","date_gmt":"2022-09-05T10:00:00","guid":{"rendered":"https:\/\/www.portalalerta.com.br\/?p=44568"},"modified":"2022-09-05T00:08:05","modified_gmt":"2022-09-05T03:08:05","slug":"ministro-do-stf-suspende-aplicacao-do-piso-nacional-da-enfermagem","status":"publish","type":"post","link":"https:\/\/www.portalalerta.com.br\/index.php\/2022\/09\/05\/ministro-do-stf-suspende-aplicacao-do-piso-nacional-da-enfermagem\/","title":{"rendered":"Ministro do STF suspende aplica\u00e7\u00e3o do piso nacional da enfermagem"},"content":{"rendered":"\n<p><em>Entes p\u00fablicos e privados tem 60 dias para informar impacto financeiro<\/em><\/p>\n\n\n\n<!--more-->\n\n\n\n<p>O ministro do Supremo Tribunal Federal (STF) Lu\u00eds Roberto Barroso suspendeu neste domingo (4) o piso salarial nacional da enfermagem e deu prazo de 60 dias para entes p\u00fablicos e privados da \u00e1rea da sa\u00fade esclarecerem o impacto financeiro do piso salarial, os riscos para empregabilidade no setor e eventual redu\u00e7\u00e3o na qualidade dos servi\u00e7os. A informa\u00e7\u00e3o foi divulgada pela assessoria do STF.<\/p>\n\n\n\n<div class=\"wp-block-image\"><figure class=\"alignleft size-full is-resized\"><img fetchpriority=\"high\" decoding=\"async\" src=\"https:\/\/www.portalalerta.com.br\/wp-content\/uploads\/2022\/03\/Cred-Real.1.jpg\" alt=\"\" class=\"wp-image-41523\" width=\"364\" height=\"291\" srcset=\"https:\/\/www.portalalerta.com.br\/wp-content\/uploads\/2022\/03\/Cred-Real.1.jpg 500w, https:\/\/www.portalalerta.com.br\/wp-content\/uploads\/2022\/03\/Cred-Real.1-300x240.jpg 300w, https:\/\/www.portalalerta.com.br\/wp-content\/uploads\/2022\/03\/Cred-Real.1-183x146.jpg 183w, https:\/\/www.portalalerta.com.br\/wp-content\/uploads\/2022\/03\/Cred-Real.1-50x40.jpg 50w, https:\/\/www.portalalerta.com.br\/wp-content\/uploads\/2022\/03\/Cred-Real.1-94x75.jpg 94w\" sizes=\"(max-width: 364px) 100vw, 364px\" \/><\/figure><\/div>\n\n\n\n<p>A decis\u00e3o cautelar do ministro foi concedida no \u00e2mbito da A\u00e7\u00e3o Direta de Inconstitucionalidade (ADI) 7222 e ser\u00e1 levada a referendo no plen\u00e1rio virtual do STF nos pr\u00f3ximos dias. Ao final do prazo e mediante as informa\u00e7\u00f5es, o caso ser\u00e1 reavaliado por Barroso. A a\u00e7\u00e3o foi apresentada pela Confedera\u00e7\u00e3o Nacional de Sa\u00fade, Hospitais e Estabelecimentos e Servi\u00e7os (CNSa\u00fade), que questionou a constitucionalidade da\u00a0<strong>Lei 14.434\/2022<\/strong>, que estabeleceu os novos pisos salariais.<\/p>\n\n\n\n<p>Entre outros pontos, a CNSa\u00fade alegou que a lei seria inconstitucional porque a regra que define remunera\u00e7\u00e3o de servidores \u00e9 de iniciativa privativa do chefe do Executivo, o que n\u00e3o ocorreu, e que a norma desrespeitou a auto-organiza\u00e7\u00e3o financeira, administrativa e or\u00e7ament\u00e1ria dos entes subnacionais<\/p>\n\n\n\n<p>Sancionada h\u00e1 exatamente\u00a0um m\u00eas pelo presidente Jair Bolsonaro, a lei institui o piso salarial nacional para enfermeiros, t\u00e9cnicos de enfermagem, auxiliares de enfermagem e parteiras. No caso dos primeiros, o piso previsto \u00e9 de R$ 4.750. Para t\u00e9cnicos, o valor corresponde a 70% do piso, enquanto auxiliares e parteiras ter\u00e3o direito a 50%.<\/p>\n\n\n\n<p>O piso nacional vale para contratados sob o regime da CLT e para servidores das tr\u00eas esferas (Uni\u00e3o, estados e munic\u00edpios), inclusive autarquias e funda\u00e7\u00f5es. O texto foi aprovado pelo Congresso Nacional em julho, atendendo uma reivindica\u00e7\u00e3o hist\u00f3rica da categoria, que representa cerca de 2,6 milh\u00f5es de trabalhadores.<\/p>\n\n\n\n<p><strong>Impactos<\/strong><\/p>\n\n\n\n<p>Na liminar concedida neste domingo, Barroso ressaltou a import\u00e2ncia da valoriza\u00e7\u00e3o dos profissionais de enfermagem, mas destacou que <strong><em>\u201c\u00e9 preciso atentar, neste momento, aos eventuais impactos negativos da ado\u00e7\u00e3o dos pisos salariais impugnados\u201d<\/em><\/strong>.<\/p>\n\n\n\n<p><strong><em>\u201cTrata-se de ponto que merece esclarecimento antes que se possa cogitar da aplica\u00e7\u00e3o da lei\u201d<\/em><\/strong>, acrescentou. Ainda segundo o magistrado, houve desequil\u00edbrio na divis\u00e3o dos custos do reajuste salarial, j\u00e1 que repasses de recursos p\u00fablicos para procedimentos de sa\u00fade seguem com taxas desatualizadas.<\/p>\n\n\n\n<p><strong><em>\u201cNo fundo, afigura-se plaus\u00edvel o argumento de que o Legislativo aprovou o projeto e o Executivo o sancionou sem cuidarem das provid\u00eancias que viabilizariam a sua execu\u00e7\u00e3o, como, por exemplo, o aumento da tabela de reembolso do SUS \u00e0 rede conveniada. Nessa hip\u00f3tese, teriam querido ter o b\u00f4nus da benesse sem o \u00f4nus do aumento das pr\u00f3prias despesas, terceirizando a conta.\u201d<\/em><\/strong><\/p>\n\n\n\n<p>Ser\u00e3o intimados a prestar informa\u00e7\u00f5es no prazo de 60 dias sobre o impacto financeiro da norma os 26 estados e o Distrito Federal, a Confedera\u00e7\u00e3o Nacional dos Munic\u00edpios (CNM) e o Minist\u00e9rio da Economia.<\/p>\n\n\n\n<p>J\u00e1 o Minist\u00e9rio do Trabalho e a Confedera\u00e7\u00e3o Nacional dos Trabalhadores na Sa\u00fade (CNTS) ter\u00e3o que informar detalhadamente sobre os riscos de demiss\u00f5es. Por fim, o Minist\u00e9rio da Sa\u00fade, conselhos da \u00e1rea da sa\u00fade e a Federa\u00e7\u00e3o Brasileira de Hospitais (FBH) precisar\u00e3o esclarecer sobre o alegado risco de fechamento de leitos e redu\u00e7\u00e3o nos quadros de enfermeiros e t\u00e9cnicos.<\/p>\n\n\n\n<p><strong>Repercuss\u00e3o<\/strong><\/p>\n\n\n\n<p>Pelo Twitter, o presidente da C\u00e2mara dos Deputados, Arthur Lira, manifestou desacordo com a decis\u00e3o do ministro Barroso. <strong><em>&#8220;Respeito as decis\u00f5es judiciais, mas n\u00e3o concordo com o m\u00e9rito em rela\u00e7\u00e3o ao piso salarial dos enfermeiros. S\u00e3o profissionais que t\u00eam direito ao piso e podem contar comigo para continuarmos na luta pela manuten\u00e7\u00e3o do que foi decidido em plen\u00e1rio.&#8221;<\/em><\/strong><\/p>\n\n\n\n<p>O relator do projeto de lei no Senado, senador Fabiano Contarato, tamb\u00e9m usou as redes sociais para criticar a decis\u00e3o cautelar. <strong><em>&#8220;Os m\u00e9dicos t\u00eam piso salarial quatro vezes maior, e o Judici\u00e1rio jamais vetou esta medida. Os enfermeiros conquistaram a duras penas esse direito por decis\u00e3o do Poder Legislativo e do Poder Executivo, em ampla e democr\u00e1tica mobiliza\u00e7\u00e3o.&#8221;<\/em><\/strong><\/p>\n\n\n\n<p>A&nbsp;Reportagem&nbsp;entrou em contato com o Minist\u00e9rio da Economia e aguarda posicionamento.<\/p>\n\n\n\n<p><em>Fonte: Ag\u00eancia Brasil<\/em><\/p>\n","protected":false},"excerpt":{"rendered":"<p>Entes p\u00fablicos e privados tem 60 dias para informar impacto financeiro<\/p>\n","protected":false},"author":2,"featured_media":18650,"comment_status":"open","ping_status":"open","sticky":false,"template":"","format":"standard","meta":{"om_disable_all_campaigns":false,"_monsterinsights_skip_tracking":false,"_monsterinsights_sitenote_active":false,"_monsterinsights_sitenote_note":"","_monsterinsights_sitenote_category":0,"footnotes":""},"categories":[34,70,69,19],"tags":[93,5591,805,2066,61,216],"class_list":["post-44568","post","type-post","status-publish","format-standard","has-post-thumbnail","hentry","category-brasil","category-destaques","category-noticias2","category-saude","tag-brasil","tag-enfermagem","tag-luiz-roberto-barroso","tag-piso-salarial","tag-saude","tag-stf"],"aioseo_notices":[],"_links":{"self":[{"href":"https:\/\/www.portalalerta.com.br\/index.php\/wp-json\/wp\/v2\/posts\/44568","targetHints":{"allow":["GET"]}}],"collection":[{"href":"https:\/\/www.portalalerta.com.br\/index.php\/wp-json\/wp\/v2\/posts"}],"about":[{"href":"https:\/\/www.portalalerta.com.br\/index.php\/wp-json\/wp\/v2\/types\/post"}],"author":[{"embeddable":true,"href":"https:\/\/www.portalalerta.com.br\/index.php\/wp-json\/wp\/v2\/users\/2"}],"replies":[{"embeddable":true,"href":"https:\/\/www.portalalerta.com.br\/index.php\/wp-json\/wp\/v2\/comments?post=44568"}],"version-history":[{"count":1,"href":"https:\/\/www.portalalerta.com.br\/index.php\/wp-json\/wp\/v2\/posts\/44568\/revisions"}],"predecessor-version":[{"id":44569,"href":"https:\/\/www.portalalerta.com.br\/index.php\/wp-json\/wp\/v2\/posts\/44568\/revisions\/44569"}],"wp:featuredmedia":[{"embeddable":true,"href":"https:\/\/www.portalalerta.com.br\/index.php\/wp-json\/wp\/v2\/media\/18650"}],"wp:attachment":[{"href":"https:\/\/www.portalalerta.com.br\/index.php\/wp-json\/wp\/v2\/media?parent=44568"}],"wp:term":[{"taxonomy":"category","embeddable":true,"href":"https:\/\/www.portalalerta.com.br\/index.php\/wp-json\/wp\/v2\/categories?post=44568"},{"taxonomy":"post_tag","embeddable":true,"href":"https:\/\/www.portalalerta.com.br\/index.php\/wp-json\/wp\/v2\/tags?post=44568"}],"curies":[{"name":"wp","href":"https:\/\/api.w.org\/{rel}","templated":true}]}}